{"id":430887,"date":"2025-10-01T10:28:10","date_gmt":"2025-10-01T10:28:10","guid":{"rendered":"https:\/\/www.europesays.com\/fr\/430887\/"},"modified":"2025-10-01T10:28:10","modified_gmt":"2025-10-01T10:28:10","slug":"a-rouen-ils-se-filment-en-train-de-rouer-de-coups-un-homme-a-larret-de-bus-en-criant-penalty","status":"publish","type":"post","link":"https:\/\/www.europesays.com\/fr\/430887\/","title":{"rendered":"\u00c0 Rouen, ils se filment en train de rouer de coups un homme \u00e0 l&rsquo;arr\u00eat de bus en criant \u00ab\u00a0p\u00e9nalty\u00a0\u00bb"},"content":{"rendered":"<p>Dans la nuit de mardi \u00e0 mercredi, un homme de 40 ans a \u00e9t\u00e9 agress\u00e9 par trois jeunes de 17 \u00e0 23 ans en face du CHU de Rouen. Ils l&rsquo;ont ass\u00e9n\u00e9 de coups de pieds en criant \u00ab\u00a0p\u00e9nalty\u00a0\u00bb. Ils ont \u00e9t\u00e9 interpell\u00e9s.<\/p>\n<p>Une attaque violente et gratuite \u00e0 Rouen. Vers 1h30 dans la nuit du 30 septembre au 1er octobre, la police est intervenue pour une bagarre pr\u00e8s du CHU. Trois jeunes \u00e2g\u00e9s de 17 \u00e0 23 ans s&rsquo;en sont pris un homme de 40 ans, \u00e0 l&rsquo;arr\u00eat de bus Teor, devant la maternit\u00e9. L&rsquo;homme a \u00e9t\u00e9 bless\u00e9 au visage, les trois jeunes interpell\u00e9s.<\/p>\n<p>La police a \u00e9t\u00e9 appel\u00e9e vers 1h30. Sur place des agents de s\u00e9curit\u00e9 de l&rsquo;h\u00f4pital retiennent trois personnes. Un\u00a0homme de 21 ans et deux femmes de 23 et 17 ans. La victime, prise en charge pour les urgences et bless\u00e9 \u00e0 un \u0153il et au nez, explique alors aux policiers ce qu&rsquo;il s&rsquo;est pass\u00e9.<\/p>\n<p>Violence film\u00e9e<\/p>\n<p>L&rsquo;homme est \u00e0 l&rsquo;arr\u00eat de bus quand les trois jeunes l&rsquo;insultent, le tout en le filmant. Le jeune homme le fait tomber par une balayette, alors qu&rsquo;il est au sol, les jeunes femmes s&rsquo;acharnent sur lui toujours \u00e0 coups de pieds sur le corps et le visage en criant \u00ab\u00a0p\u00e9nalty\u00a0\u00bb.<\/p>\n<p>La sc\u00e8ne a \u00e9t\u00e9 enti\u00e8rement film\u00e9e et un t\u00e9moin a confirm\u00e9 ce r\u00e9cit. Les trois jeunes ont \u00e9t\u00e9 interpell\u00e9s et plac\u00e9s en garde \u00e0 vue.<\/p>\n","protected":false},"excerpt":{"rendered":"Dans la nuit de mardi \u00e0 mercredi, un homme de 40 ans a \u00e9t\u00e9 agress\u00e9 par trois jeunes&hellip;\n","protected":false},"author":2,"featured_media":430888,"comment_status":"","ping_status":"","sticky":false,"template":"","format":"standard","meta":{"footnotes":""},"categories":[9587],"tags":[1111,11,1777,674,1011,27,12,5161,25,9590],"class_list":{"0":"post-430887","1":"post","2":"type-post","3":"status-publish","4":"format-standard","5":"has-post-thumbnail","7":"category-rouen","8":"tag-actu","9":"tag-actualites","10":"tag-eu","11":"tag-europe","12":"tag-fr","13":"tag-france","14":"tag-news","15":"tag-normandie","16":"tag-republique-francaise","17":"tag-rouen"},"share_on_mastodon":{"url":"https:\/\/pubeurope.com\/@fr\/115298441985999533","error":""},"_links":{"self":[{"href":"https:\/\/www.europesays.com\/fr\/wp-json\/wp\/v2\/posts\/430887","targetHints":{"allow":["GET"]}}],"collection":[{"href":"https:\/\/www.europesays.com\/fr\/wp-json\/wp\/v2\/posts"}],"about":[{"href":"https:\/\/www.europesays.com\/fr\/wp-json\/wp\/v2\/types\/post"}],"author":[{"embeddable":true,"href":"https:\/\/www.europesays.com\/fr\/wp-json\/wp\/v2\/users\/2"}],"replies":[{"embeddable":true,"href":"https:\/\/www.europesays.com\/fr\/wp-json\/wp\/v2\/comments?post=430887"}],"version-history":[{"count":0,"href":"https:\/\/www.europesays.com\/fr\/wp-json\/wp\/v2\/posts\/430887\/revisions"}],"wp:featuredmedia":[{"embeddable":true,"href":"https:\/\/www.europesays.com\/fr\/wp-json\/wp\/v2\/media\/430888"}],"wp:attachment":[{"href":"https:\/\/www.europesays.com\/fr\/wp-json\/wp\/v2\/media?parent=430887"}],"wp:term":[{"taxonomy":"category","embeddable":true,"href":"https:\/\/www.europesays.com\/fr\/wp-json\/wp\/v2\/categories?post=430887"},{"taxonomy":"post_tag","embeddable":true,"href":"https:\/\/www.europesays.com\/fr\/wp-json\/wp\/v2\/tags?post=430887"}],"curies":[{"name":"wp","href":"https:\/\/api.w.org\/{rel}","templated":true}]}}