{"id":430905,"date":"2025-10-01T10:38:21","date_gmt":"2025-10-01T10:38:21","guid":{"rendered":"https:\/\/www.europesays.com\/fr\/430905\/"},"modified":"2025-10-01T10:38:21","modified_gmt":"2025-10-01T10:38:21","slug":"exploris-le-croisieriste-des-zones-polaires-face-au-redressement","status":"publish","type":"post","link":"https:\/\/www.europesays.com\/fr\/430905\/","title":{"rendered":"Exploris, le croisi\u00e9riste des zones polaires, face au redressement"},"content":{"rendered":"<p>En mai\u00a02025, son unique bateau avait fait escale \u00e0 Saint-Nazaire. Lanc\u00e9 en 2022 sur le march\u00e9 de la croisi\u00e8re d\u2019exp\u00e9dition et d\u2019exploration dans les zones volontiers polaires, <a href=\"https:\/\/nantes.maville.com\/actu\/actudet_-exploris-le-petit-croisieriste-base-a-nantes-construira-un-second-paquebot-d-expedition-_52716-6810365_actu.Htm\" target=\"_self\" rel=\"nofollow noopener\">Exploris, bas\u00e9 \u00e0 Nantes<\/a>, \u00e9tait capable d\u2019embarquer 144 passagers et 102 membres d\u2019\u00e9quipages. \u00c0 bord, on y croisait plut\u00f4t des g\u00e9ologues, des glaciologues, des naturalistes ou des ethnologues venus pour guider les vacanciers.<\/p>\n<p>50\u00a0% de remplissage<\/p>\n<p>Budget voyage haut de gamme tout de m\u00eame, avec au catalogue des exp\u00e9ditions au Cap Horn \u00e0 9\u00a0190\u00a0\u20ac, en d\u00e9cembre. Un tarif pourtant en promo, \u00e0 moins 35\u00a0%.<\/p>\n<p>Car tout ne va pas pour le mieux chez Exploris. Jeudi 25\u00a0septembre, le tribunal de commerce de Nantes a prononc\u00e9 l\u2019ouverture d\u2019une proc\u00e9dure de redressement judiciaire. Dans nos colonnes, en mai, Philippe Videau, le pr\u00e9sident cofondateur de l\u2019entreprise, annon\u00e7ait lui-m\u00eame un taux de remplissage \u00e0 50\u00a0% seulement.<\/p>\n<p>Emplois menac\u00e9s<\/p>\n<p>Pourtant, il comptait bien \u00e9toffer sa flotte, avec un paquebot aussi imposant que le premier. Et des embauches a minima de cent personnes, et une mise en service esp\u00e9r\u00e9e pour 2029.<\/p>\n<p>La proc\u00e9dure de redressement en cours, au contraire, concerne 38 emplois, selon le tribunal de commerce de Nantes.<\/p>\n<p>\u00a0<\/p>\n","protected":false},"excerpt":{"rendered":"En mai\u00a02025, son unique bateau avait fait escale \u00e0 Saint-Nazaire. Lanc\u00e9 en 2022 sur le march\u00e9 de la&hellip;\n","protected":false},"author":2,"featured_media":430906,"comment_status":"","ping_status":"","sticky":false,"template":"","format":"standard","meta":{"footnotes":""},"categories":[2818],"tags":[1111,11,55908,1777,674,55907,2823,1011,27,766,12,2636,55909,30431,25,6249],"class_list":{"0":"post-430905","1":"post","2":"type-post","3":"status-publish","4":"format-standard","5":"has-post-thumbnail","7":"category-nantes","8":"tag-actu","9":"tag-actualites","10":"tag-croisieriste","11":"tag-eu","12":"tag-europe","13":"tag-exploris","14":"tag-face","15":"tag-fr","16":"tag-france","17":"tag-nantes","18":"tag-news","19":"tag-pays-de-la-loire","20":"tag-polaires","21":"tag-redressement","22":"tag-republique-francaise","23":"tag-zones"},"share_on_mastodon":{"url":"https:\/\/pubeurope.com\/@fr\/115298481307496756","error":""},"_links":{"self":[{"href":"https:\/\/www.europesays.com\/fr\/wp-json\/wp\/v2\/posts\/430905","targetHints":{"allow":["GET"]}}],"collection":[{"href":"https:\/\/www.europesays.com\/fr\/wp-json\/wp\/v2\/posts"}],"about":[{"href":"https:\/\/www.europesays.com\/fr\/wp-json\/wp\/v2\/types\/post"}],"author":[{"embeddable":true,"href":"https:\/\/www.europesays.com\/fr\/wp-json\/wp\/v2\/users\/2"}],"replies":[{"embeddable":true,"href":"https:\/\/www.europesays.com\/fr\/wp-json\/wp\/v2\/comments?post=430905"}],"version-history":[{"count":0,"href":"https:\/\/www.europesays.com\/fr\/wp-json\/wp\/v2\/posts\/430905\/revisions"}],"wp:featuredmedia":[{"embeddable":true,"href":"https:\/\/www.europesays.com\/fr\/wp-json\/wp\/v2\/media\/430906"}],"wp:attachment":[{"href":"https:\/\/www.europesays.com\/fr\/wp-json\/wp\/v2\/media?parent=430905"}],"wp:term":[{"taxonomy":"category","embeddable":true,"href":"https:\/\/www.europesays.com\/fr\/wp-json\/wp\/v2\/categories?post=430905"},{"taxonomy":"post_tag","embeddable":true,"href":"https:\/\/www.europesays.com\/fr\/wp-json\/wp\/v2\/tags?post=430905"}],"curies":[{"name":"wp","href":"https:\/\/api.w.org\/{rel}","templated":true}]}}