{"id":430911,"date":"2025-10-01T10:41:19","date_gmt":"2025-10-01T10:41:19","guid":{"rendered":"https:\/\/www.europesays.com\/fr\/430911\/"},"modified":"2025-10-01T10:41:19","modified_gmt":"2025-10-01T10:41:19","slug":"bordeaux-se-mobilise-pour-loctobre-rose","status":"publish","type":"post","link":"https:\/\/www.europesays.com\/fr\/430911\/","title":{"rendered":"Bordeaux se mobilise pour l&rsquo;Octobre Rose"},"content":{"rendered":"<p>Tout au long du mois d\u2019octobre, Bordeaux et sa m\u00e9tropole se mobilisent pour la pr\u00e9vention et le d\u00e9pistage du cancer du sein. Entre concerts, marches, ateliers et expositions, les initiatives se multiplient pour informer, sensibiliser et faciliter l\u2019acc\u00e8s aux gestes de pr\u00e9vention, gr\u00e2ce \u00e0 un r\u00e9seau solide d\u2019associations, de collectivit\u00e9s et d\u2019acteurs de terrain.<\/p>\n<p>Mus\u00e9e Mer Marine : art et pr\u00e9vention<\/p>\n<p style=\"font-size:16px\">Le <strong>11 octobre<\/strong>, le <a href=\"https:\/\/www.mmmbordeaux.com\/post_events\/soiree-octobre-rose\/\" target=\"_blank\" rel=\"noreferrer noopener nofollow\">Mus\u00e9e Mer Marine<\/a> ouvre ses portes pour une soir\u00e9e m\u00ealant cr\u00e9ation artistique et sensibilisation. Une table ronde r\u00e9unira l\u2019artiste Claire Pasquier, la championne de surf Maud Le Car et les chirurgiennes Dr Am\u00e9lie Gesson-Paute et Dr A\u00efcha N\u2019Doye, avec la participation de l\u2019association <strong><a href=\"https:\/\/keepabreast.fr\/\" target=\"_blank\" rel=\"noreferrer noopener nofollow\">Keep A Breast<\/a><\/strong>. La soir\u00e9e se poursuivra par un <strong>concert d\u2019A\u00efcha N\u2019Doye<\/strong> accompagn\u00e9e \u00e0 la guitare. Objectif : rappeler l\u2019importance des gestes de pr\u00e9vention dans un cadre inspirant. Tarifs : 25 \u20ac plein tarif, 10 \u20ac pour les Amis du mus\u00e9e.<\/p>\n<p><img fetchpriority=\"high\" decoding=\"async\" width=\"366\" height=\"441\" src=\"https:\/\/www.europesays.com\/fr\/wp-content\/uploads\/2025\/10\/image-12.png\" alt=\"\" class=\"wp-image-84484\" style=\"width:342px;height:auto\"  \/>Le 11 octobre, Mus\u00e9e Mer Marine : table ronde et concert pour sensibiliser au cancer du sein. \u00a9Keep A Breast<\/p>\n<p>Blanquefort : festival musical solidaire<\/p>\n<p style=\"font-size:16px\">\u00c0 <strong>Blanquefort<\/strong>, la salle Fongravey accueille le <strong>festival \u201c<a href=\"https:\/\/www.lareinedesreynettes.com\/\" target=\"_blank\" rel=\"noreferrer noopener nofollow\">La Reine des Reynettes<\/a>\u201d<\/strong> le 11 octobre, de 18 h \u00e0 minuit, au profit de l\u2019association <strong>Rose M\u00e9doc<\/strong>. \u00c0 l\u2019affiche : Sugar &amp; Tiger avec Didier Wampas, Menni Jab, AKM, Kink Kong Blues, Vincent Jouffroy, Cyntia et Mad Bronco. L\u2019int\u00e9gralit\u00e9 des recettes des billets (10 \u20ac en pr\u00e9vente, 12 \u20ac sur place, gratuit pour les moins de 12 ans) sera revers\u00e9e \u00e0 la lutte contre le cancer du sein.<\/p>\n<p><img loading=\"lazy\" decoding=\"async\" width=\"1024\" height=\"379\" src=\"https:\/\/www.europesays.com\/fr\/wp-content\/uploads\/2025\/10\/image-11-1024x379.png\" alt=\"\" class=\"wp-image-84483\" style=\"width:756px;height:auto\"  \/>\u00c0 Blanquefort, le 11 octobre, \u201cLa Reine des Reynettes\u201d : concerts solidaires au profit de Rose M\u00e9doc. \u00a9La Reine des Reynettes <\/p>\n<p>Challenge du Ruban Rose : courir et marcher pour la cause<\/p>\n<p style=\"font-size:16px\">Les <strong>25 et 26 octobre<\/strong>, les quais de Bordeaux accueillent le <strong><a href=\"https:\/\/challengedurubanrose.fr\/\" target=\"_blank\" rel=\"noreferrer noopener nofollow\">Challenge du Ruban Rose<\/a><\/strong>, avec courses et marches sur deux jours. D\u00e9parts samedi \u00e0 8 h 45 et 9 h, dimanche \u00e0 8 h 55 et 9 h 15. L\u2019arriv\u00e9e est d\u00e9plac\u00e9e au ponton Yves Parlier (rive droite) en raison des travaux du Pont de pierre. L\u2019an dernier, l\u2019\u00e9v\u00e9nement a rassembl\u00e9 plus de <strong>20 000 participants<\/strong>, permettant des dons sup\u00e9rieurs \u00e0 280 000 \u20ac pour les \u00e9tablissements de soins de la r\u00e9gion.<\/p>\n<p><img loading=\"lazy\" decoding=\"async\" width=\"627\" height=\"355\" src=\"https:\/\/www.europesays.com\/fr\/wp-content\/uploads\/2025\/10\/image-9.png\" alt=\"\" class=\"wp-image-84481\"  \/>Les 25-26 octobre, Bordeaux accueille le Challenge du Ruban Rose, courses et marches pour la solidarit\u00e9. \u00a9Matmut<\/p>\n<p>Talence et initiatives locales<\/p>\n<p style=\"font-size:16px\">\u00c0 <strong><a href=\"https:\/\/www.talence.fr\/octobre-rose\/\" target=\"_blank\" rel=\"noreferrer noopener nofollow\">Talence<\/a><\/strong>, un programme dense est pr\u00e9vu : stands d\u2019information, ateliers d\u2019autopalpation, expositions et illuminations des monuments municipaux. Parmi les rendez-vous : <strong>centre sant\u00e9 Bagatelle le 9 octobre<\/strong>, H\u00f4tel de Ville le 15, et Le D\u00f4me les 3 et 21 octobre pour soir\u00e9es dansantes et ateliers de sensibilisation. Le <strong>Forum des Arts &amp; de la Culture<\/strong> propose jusqu\u2019au 15 novembre les expositions \u201cToutes cAncern\u00e9es\u201d et \u201c\u00c0 la bouche du monde \u2013 allaitement au quotidien\u201d.<\/p>\n<p>Solidarit\u00e9 et reconstruction<\/p>\n<p style=\"font-size:16px\">Les initiatives incluent \u00e9galement <strong><a href=\"https:\/\/www.soeursdencre.fr\/semaine-rose-tattoo-1\/\" target=\"_blank\" rel=\"noreferrer noopener nofollow\">Rose Tattoo<\/a><\/strong> (Bordeaux, 4-6 octobre), offrant des tatouages de reconstruction aux femmes touch\u00e9es par le cancer du sein, et le <strong>Festival T\u00e9l\u00e9t\u00e9ton<\/strong> du collectif <strong>Jeune&amp;Rose<\/strong> au Rocher de Palmer <strong>le 4 octobre<\/strong>, avec ateliers et stand-up, dont 10 % des revenus d\u2019octobre sont revers\u00e9s au collectif.<\/p>\n<p><img loading=\"lazy\" decoding=\"async\" width=\"1000\" height=\"665\" src=\"https:\/\/www.europesays.com\/fr\/wp-content\/uploads\/2025\/10\/image-8.png\" alt=\"\" class=\"wp-image-84479\"  \/>Rose Tattoo et Festival T\u00e9l\u00e9t\u00e9ton proposent tatouages et ateliers, reversant 10 % des revenus au collectif. \u00a9Rose Up<\/p>\n<p style=\"font-size:16px\">Enfin, l\u2019<strong>Institut Bergoni\u00e9<\/strong> centralise tous les \u00e9v\u00e9nements sur une <a href=\"https:\/\/www.bergonie.fr\/octobre-rose-2025\/\" target=\"_blank\" rel=\"noreferrer noopener nofollow\">page d\u00e9di\u00e9e<\/a>, pour t\u2019aider \u00e0 organiser tes rendez-vous et profiter pleinement de ce mois de solidarit\u00e9 et de pr\u00e9vention.<\/p>\n<p style=\"font-size:16px\">Ce mois-ci, nous rappelle une fois de plus \u00e0 quel point la sant\u00e9 et la pr\u00e9vention doivent jouer un r\u00f4le central dans nos vies. Alors mobilise toi !<\/p>\n<p style=\"font-size:16px\">\u00c0 lire aussi : <a href=\"https:\/\/www.bougerabordeaux.com\/sorties\/theatreetcinema\/les-nouveaux-projets-du-theatre-femina-a-bordeaux-ont-ete-annonces\/\" target=\"_blank\" rel=\"noreferrer noopener nofollow\">Les nouveaux projets du Th\u00e9\u00e2tre F\u00e9mina \u00e0 Bordeaux ont \u00e9t\u00e9 annonc\u00e9s !<\/a><\/p>\n","protected":false},"excerpt":{"rendered":"Tout au long du mois d\u2019octobre, Bordeaux et sa m\u00e9tropole se mobilisent pour la pr\u00e9vention et le d\u00e9pistage&hellip;\n","protected":false},"author":2,"featured_media":430912,"comment_status":"","ping_status":"","sticky":false,"template":"","format":"standard","meta":{"footnotes":""},"categories":[2817],"tags":[1111,11,1997,1777,674,1011,27,12,2219,25],"class_list":{"0":"post-430911","1":"post","2":"type-post","3":"status-publish","4":"format-standard","5":"has-post-thumbnail","7":"category-bordeaux","8":"tag-actu","9":"tag-actualites","10":"tag-bordeaux","11":"tag-eu","12":"tag-europe","13":"tag-fr","14":"tag-france","15":"tag-news","16":"tag-nouvelle-aquitaine","17":"tag-republique-francaise"},"share_on_mastodon":{"url":"https:\/\/pubeurope.com\/@fr\/115298493286998804","error":""},"_links":{"self":[{"href":"https:\/\/www.europesays.com\/fr\/wp-json\/wp\/v2\/posts\/430911","targetHints":{"allow":["GET"]}}],"collection":[{"href":"https:\/\/www.europesays.com\/fr\/wp-json\/wp\/v2\/posts"}],"about":[{"href":"https:\/\/www.europesays.com\/fr\/wp-json\/wp\/v2\/types\/post"}],"author":[{"embeddable":true,"href":"https:\/\/www.europesays.com\/fr\/wp-json\/wp\/v2\/users\/2"}],"replies":[{"embeddable":true,"href":"https:\/\/www.europesays.com\/fr\/wp-json\/wp\/v2\/comments?post=430911"}],"version-history":[{"count":0,"href":"https:\/\/www.europesays.com\/fr\/wp-json\/wp\/v2\/posts\/430911\/revisions"}],"wp:featuredmedia":[{"embeddable":true,"href":"https:\/\/www.europesays.com\/fr\/wp-json\/wp\/v2\/media\/430912"}],"wp:attachment":[{"href":"https:\/\/www.europesays.com\/fr\/wp-json\/wp\/v2\/media?parent=430911"}],"wp:term":[{"taxonomy":"category","embeddable":true,"href":"https:\/\/www.europesays.com\/fr\/wp-json\/wp\/v2\/categories?post=430911"},{"taxonomy":"post_tag","embeddable":true,"href":"https:\/\/www.europesays.com\/fr\/wp-json\/wp\/v2\/tags?post=430911"}],"curies":[{"name":"wp","href":"https:\/\/api.w.org\/{rel}","templated":true}]}}