{"id":430913,"date":"2025-10-01T10:42:19","date_gmt":"2025-10-01T10:42:19","guid":{"rendered":"https:\/\/www.europesays.com\/fr\/430913\/"},"modified":"2025-10-01T10:42:19","modified_gmt":"2025-10-01T10:42:19","slug":"comment-les-syndicats-gerent-la-presence-des-black-blocs-en-manif","status":"publish","type":"post","link":"https:\/\/www.europesays.com\/fr\/430913\/","title":{"rendered":"comment les syndicats g\u00e8rent la pr\u00e9sence des black blocs en manif&rsquo;"},"content":{"rendered":"<p>            Par<br \/>\n        <strong><br \/>\n            <a href=\"https:\/\/actu.fr\/auteur\/enzo-legros\" title=\"Consulter tous les articles de Enzo Legros\" target=\"_blank\" rel=\"noopener\">Enzo Legros<\/a><br \/>\n        <\/strong><\/p>\n<p>        Publi\u00e9 le<\/p>\n<p>            1 oct. 2025 \u00e0 12h28        <\/p>\n<p>Ce jeudi 2 octobre, une nouvelle journ\u00e9e de manifestation est attendu \u00e0 Toulouse. Lors de la pr\u00e9c\u00e9dente, <a href=\"https:\/\/actu.fr\/occitanie\/toulouse_31555\/direct-greve-du-18-septembre-une-journee-noire-a-toulouse-suivez-les-informations-des-ce-matin_63176638.html\" target=\"_blank\" rel=\"noopener\">le 18 septembre<\/a>, l<strong>a situation s\u2019est tendue<\/strong> en fin de parcours avant qu\u2019une opposition entre les \u00ab\u2009black blocs\u2009\u00bb et les forces de l\u2019ordre ne d\u00e9bute. Une finalit\u00e9 r\u00e9currente dans les mouvements sociaux. Mais m\u00eame \u00e0 cet instant, aux alentours de 17 heures, le cort\u00e8ge intersyndical, soit quasiment toute la foule, avait d\u00e9j\u00e0 quitt\u00e9 les lieux. Comment les syndicats de <a href=\"https:\/\/actu.fr\/toulouse\/\" target=\"_blank\" rel=\"noopener\">Toulouse<\/a> ont<strong> s\u00e9par\u00e9 leur manifestation des d\u00e9bordements<\/strong>\u2009? D\u00e9cryptage.<\/p>\n<p>Composer avec la pr\u00e9sence des \u00ab\u2009black blocs\u2009\u00bb, \u00ab\u2009un enjeu\u2009\u00bb<\/p>\n<p class=\" wall-content\">La gestion de la pr\u00e9sence des\u2009black blocs constitue un \u00ab\u2009enjeu\u2009\u00bb \u00e0 la CGT 31, membre de l\u2019intersyndicale organisatrice du 2 octobre. <a href=\"https:\/\/actu.fr\/occitanie\/toulouse_31555\/direct-bloquons-tout-perturbations-dans-les-transports-manifestations-greves-ce-qu-il-se-passe-a-toulouse_63135101.html\" target=\"_blank\" rel=\"noopener\">Le 10\u00a0septembre<\/a>, ces groupes de manifestants v\u00eatus de noir s\u2019\u00e9taient positionn\u00e9s devant le cort\u00e8ge g\u00e9n\u00e9ral, ce qui avait caus\u00e9 l\u2019interrogation les jours suivants.<\/p>\n<p class=\" wall-content\">\u00ab\u2009C\u2019est tr\u00e8s important que les syndicats restent en t\u00eate des manifestations\u2009\u00bb, plaide Julien Terri\u00e9, de la CGT CHU de Toulouse, estimant \u00ab\u2009que les forces de l\u2019ordre ont plus peur d\u2019un mouvement construit et durable\u2009\u00bb.<\/p>\n<p>    <img   decoding=\"async\" loading=\"lazy\" src=\"https:\/\/www.europesays.com\/fr\/wp-content\/uploads\/2025\/10\/20250918-135532-1-960x640.jpg\" alt=\"A la t\u00eate du cort\u00e8ge, les syndicats ont brandi traditionnellement une banderole intersyndicale.\" width=\"960\" height=\"640\"\/><br \/>\n    \u00c0 la t\u00eate du cort\u00e8ge, les syndicats ont brandi traditionnellement une banderole intersyndicale. (\u00a9Lucie Fraisse \/ Actu Toulouse)<\/p>\n<p class=\" wall-content\">Avant la manifestation, FSU-SNUipp expliquait avoir choisi de conclure la manifestation \u00e0 Jean-Jaur\u00e8s, en accord avec la pr\u00e9fecture, pour avoir une zone de dispersion plus s\u00e9curitaire que <a href=\"https:\/\/actu.fr\/occitanie\/toulouse_31555\/sur-cette-grande-place-de-toulouse-l-arrivee-du-feu-clignotant-apaise-la-circulation-aux-heures-de-pointe_63016188.html\" target=\"_blank\" rel=\"noopener\">la place Saint-Cyprien<\/a>, point final de la manifestation du 10\u00a0septembre.<\/p>\n<p class=\" wall-content\">Pour Pauline Salingue, membre de la CGT 31, la pr\u00e9sence des \u00ab\u2009black blocs\u2009\u00bb dans les manifestations intersyndicales <strong>\u00ab\u2009peut compliquer les choses<\/strong>. Notre cort\u00e8ge cherche \u00e0 avancer, la diff\u00e9rence avec le 10 est que la foule \u00e9tait plus unie\u2009\u00bb, ajoute-t-elle en bilan du 18\u00a0septembre.<\/p>\n<p class=\" wall-content\">Le principe d\u2019une manifestation intersyndicale est selon elle plus simple \u00e0 contr\u00f4ler. \u00ab\u2009Le 10, nous \u00e9tions co-organisateurs, on ne se voyait pas exiger d\u2019\u00eatre devant\u2009\u00bb, indique Pauline Salingue. Mais le 18, le contr\u00f4le de la situation \u00e9tait du c\u00f4t\u00e9 des syndicats.<\/p>\n<p>Votre r\u00e9gion, votre actu !<\/p>\n<p>Recevez chaque jour les infos qui comptent pour vous.<\/p>\n<p>\t<a href=\"https:\/\/actu.fr\/newsletter\" class=\"ac-btn ac-btn--corner ac-btn--medium ac-btn--blue800\" target=\"_blank\" rel=\"noopener\">S&rsquo;incrire<\/a><br \/>\n\u00ab\u2009On \u00e9tait pr\u00eats \u00e0 rester\u2009\u00bb<\/p>\n<p class=\" wall-content\">Vers 16\u00a0heures, jeudi 18\u00a0septembre, des centaines de manifestants ont atteint l\u2019intersection entre le boulevard de Strasbourg et les all\u00e9es Jean-Jaur\u00e8s, l\u2019arriv\u00e9e de la marche, o\u00f9 s\u2019est dress\u00e9 un mur de policiers.<\/p>\n<p>    <img   decoding=\"async\" loading=\"lazy\" id=\"exifviewer-img-1\" src=\"https:\/\/www.europesays.com\/fr\/wp-content\/uploads\/2025\/10\/20250918-160642-1-960x640.jpg\" alt=\"Un barrage policier a bloqu\u00e9 les voies de sorites de Jean-Jaur\u00e8s, \u00e0 la fin de la manifestation.\" width=\"960\" height=\"640\"\/><br \/>\n    Un barrage policier a bloqu\u00e9 les voies de sorties de Jean-Jaur\u00e8s, \u00e0 la fin de la manifestation. (\u00a9Enzo Legros \/ Actu Toulouse)<\/p>\n<p class=\" wall-content\">\u00ab\u2009La fin de manifestation est tr\u00e8s importante, c\u2019est le moment o\u00f9 on adresse nos messages au m\u00e9gaphone et qu\u2019on parle de la suite \u00e0 donner au mouvement\u2009\u00bb, explique Julien Terri\u00e9, secr\u00e9taire g\u00e9n\u00e9ral de la CGT CHU de Toulouse.<\/p>\n<p class=\" wall-content\">Contrairement au 10\u00a0septembre, <strong>les d\u00e9bordements<\/strong> et l\u2019\u00e9vacuation par les forces de l\u2019ordre, avec usage de gaz lacrymog\u00e8ne, <strong>\u00ab\u2009sont arriv\u00e9s plus tard\u2009\u00bb<\/strong>, constate-t-il. Le discours final des syndicats s\u2019est donc tenu dans les r\u00e8gles. Mais au regard de <a href=\"https:\/\/actu.fr\/occitanie\/toulouse_31555\/greve-du-18-septembre-entre-18-000-et-40-000-personnes-rassemblees-dans-les-rues-de-toulouse_63181496.html\" target=\"_blank\" rel=\"noopener\">la grandeur du cort\u00e8ge<\/a>, l\u2019intersyndicale a d\u2019abord tent\u00e9 de jouer les prolongations. \u00ab\u2009On \u00e9tait pr\u00eats \u00e0 rester\u2009\u00bb, assure Julien Terri\u00e9.<\/p>\n<p>\u00ab\u2009On a l\u2019exp\u00e9rience, on sait quand partir\u2009\u00bb<\/p>\n<p class=\" wall-content\">Devant les policiers, pr\u00e9sents en nombre, plusieurs dizaines de manifestants se sont assises face au canon \u00e0 eau qui les visait. \u00ab\u2009Laissez-nous marcher\u2009\u00bb, ont-ils chant\u00e9, avec la volont\u00e9 d\u2019aller plus loin que Jean-Jaur\u00e8s. Au fil des minutes, des individus, masques \u00e0 gaz sur la bouche et capuches sur la t\u00eate, se sont joints \u00e0 la partie, les \u00ab\u2009black blocs\u2009\u00bb.<\/p>\n<p class=\" wall-content\">\u00ab\u2009Ils sont l\u00e0, viens on s\u2019en va\u2009\u00bb, s\u2019est empress\u00e9 de glisser une femme d\u2019une cinquantaine d\u2019ann\u00e9es \u00e0 son mari, visiblement inqui\u00e8tes. Juste derri\u00e8re, un syndicat s\u2019est exprim\u00e9 au m\u00e9gaphone. Il a salu\u00e9 \u00ab\u2009la col\u00e8re \u00e9norme\u2009\u00bb qui s\u2019est exprim\u00e9e lors des trois heures de marche dans le centre-ville de Toulouse, avant <strong>d\u2019inviter tout le monde \u00e0 quitter les lieux<\/strong> par <a href=\"https:\/\/actu.fr\/occitanie\/toulouse_31555\/il-y-a-peu-de-places-a-l-ombre-en-plein-cagnard-les-ramblas-de-toulouse-en-manque-de-fraicheur_62998590.html\" target=\"_blank\" rel=\"noopener\">les ramblas<\/a>, la seule sortie accord\u00e9e par les forces de l\u2019ordre.<\/p>\n<p>    <img   decoding=\"async\" loading=\"lazy\" id=\"exifviewer-img-2\" src=\"https:\/\/www.europesays.com\/fr\/wp-content\/uploads\/2025\/10\/p1220886-1-960x640.jpg\" alt=\"En quelques minutes, les forces de l'ordre ont fait \u00e9vacuer les lieux, \u00e0 l'aide de gaz lacrymog\u00e8nes.\" width=\"960\" height=\"640\"\/><br \/>\n    En quelques minutes, les forces de l\u2019ordre ont fait \u00e9vacuer les lieux, \u00e0 l\u2019aide de gaz lacrymog\u00e8nes. (\u00a9Enzo Legros \/ Actu Toulouse)<\/p>\n<p class=\" wall-content\">\u00ab\u2009\u00c0 ce moment-l\u00e0, on a l\u2019exp\u00e9rience, on sait quand partir\u2009\u00bb, confie Julien Terri\u00e9, en rappelant que \u00ab\u2009le r\u00f4le des syndicats est de prot\u00e9ger leurs manifestants\u2009\u00bb.\u00a0Au final, <strong>l\u2019image d\u2019une mobilisation pacifique<\/strong> reste dans l\u2019esprit des organisations syndicales.<\/p>\n<p class=\" wall-content\">Personnalisez votre actualit\u00e9 en ajoutant vos villes et m\u00e9dias en favori avec <a href=\"https:\/\/moncompte.actu.fr\" title=\"D\u00e9couvez Mon Actu\" rel=\"nofollow noopener\" data-trk=\"{&quot;cta&quot;:{&quot;action&quot;:&quot;https:\\\/\\\/moncompte.actu.fr&quot;,&quot;category&quot;:&quot;mon compte&quot;,&quot;from&quot;:&quot;article footer&quot;,&quot;name&quot;:&quot;Mon actu&quot;,&quot;type&quot;:&quot;cta&quot;}}\" target=\"_blank\">Mon Actu<\/a>.<\/p>\n","protected":false},"excerpt":{"rendered":"Par Enzo Legros Publi\u00e9 le 1 oct. 2025 \u00e0 12h28 Ce jeudi 2 octobre, une nouvelle journ\u00e9e de&hellip;\n","protected":false},"author":2,"featured_media":430914,"comment_status":"","ping_status":"","sticky":false,"template":"","format":"standard","meta":{"footnotes":""},"categories":[2816],"tags":[1111,11,4356,1777,674,1011,27,52713,1272,12,2680,25,104,3427,2312],"class_list":{"0":"post-430913","1":"post","2":"type-post","3":"status-publish","4":"format-standard","5":"has-post-thumbnail","7":"category-toulouse","8":"tag-actu","9":"tag-actualites","10":"tag-coronavirus","11":"tag-eu","12":"tag-europe","13":"tag-fr","14":"tag-france","15":"tag-greve-du-18-septembre","16":"tag-manifestations","17":"tag-news","18":"tag-occitanie","19":"tag-republique-francaise","20":"tag-societe","21":"tag-syndicats","22":"tag-toulouse"},"share_on_mastodon":{"url":"https:\/\/pubeurope.com\/@fr\/115298497274767771","error":""},"_links":{"self":[{"href":"https:\/\/www.europesays.com\/fr\/wp-json\/wp\/v2\/posts\/430913","targetHints":{"allow":["GET"]}}],"collection":[{"href":"https:\/\/www.europesays.com\/fr\/wp-json\/wp\/v2\/posts"}],"about":[{"href":"https:\/\/www.europesays.com\/fr\/wp-json\/wp\/v2\/types\/post"}],"author":[{"embeddable":true,"href":"https:\/\/www.europesays.com\/fr\/wp-json\/wp\/v2\/users\/2"}],"replies":[{"embeddable":true,"href":"https:\/\/www.europesays.com\/fr\/wp-json\/wp\/v2\/comments?post=430913"}],"version-history":[{"count":0,"href":"https:\/\/www.europesays.com\/fr\/wp-json\/wp\/v2\/posts\/430913\/revisions"}],"wp:featuredmedia":[{"embeddable":true,"href":"https:\/\/www.europesays.com\/fr\/wp-json\/wp\/v2\/media\/430914"}],"wp:attachment":[{"href":"https:\/\/www.europesays.com\/fr\/wp-json\/wp\/v2\/media?parent=430913"}],"wp:term":[{"taxonomy":"category","embeddable":true,"href":"https:\/\/www.europesays.com\/fr\/wp-json\/wp\/v2\/categories?post=430913"},{"taxonomy":"post_tag","embeddable":true,"href":"https:\/\/www.europesays.com\/fr\/wp-json\/wp\/v2\/tags?post=430913"}],"curies":[{"name":"wp","href":"https:\/\/api.w.org\/{rel}","templated":true}]}}