{"id":430915,"date":"2025-10-01T10:43:11","date_gmt":"2025-10-01T10:43:11","guid":{"rendered":"https:\/\/www.europesays.com\/fr\/430915\/"},"modified":"2025-10-01T10:43:11","modified_gmt":"2025-10-01T10:43:11","slug":"la-soiree-dintegration-derape-en-bizutage-trois-etudiants-en-medecine-hospitalises","status":"publish","type":"post","link":"https:\/\/www.europesays.com\/fr\/430915\/","title":{"rendered":"La soir\u00e9e d\u2019int\u00e9gration d\u00e9rape en bizutage, trois \u00e9tudiants en m\u00e9decine hospitalis\u00e9s"},"content":{"rendered":"<p>La soir\u00e9e d\u2019int\u00e9gration a d\u00e9rap\u00e9, le 24\u00a0septembre dernier dans la r\u00e9gion de <a href=\"https:\/\/www.20minutes.fr\/toulouse\/\" class=\"c-link c-link--is-underlined\" target=\"_blank\" rel=\"noopener\">Toulouse<\/a> (<a href=\"https:\/\/www.20minutes.fr\/dossier\/haute-garonne\" class=\"c-link c-link--is-underlined\" target=\"_blank\" rel=\"noopener\">Haute-Garonne<\/a>). Trois <a href=\"https:\/\/www.20minutes.fr\/magazine\/etudiant-mag\/\" class=\"c-link c-link--is-underlined\" target=\"_blank\" rel=\"noopener\">\u00e9tudiants<\/a> en <a href=\"https:\/\/www.20minutes.fr\/dossier\/medecine\" class=\"c-link c-link--is-underlined\" target=\"_blank\" rel=\"noopener\">m\u00e9decine<\/a> ont d\u00fb \u00eatre pris en charge par les secours puis hospitalis\u00e9s, \u00e0 l\u2019issue d\u2019une f\u00eate qui s\u2019est visiblement transform\u00e9e en v\u00e9ritable <a href=\"https:\/\/www.20minutes.fr\/societe\/bizutage\/\" class=\"c-link c-link--is-underlined\" target=\"_blank\" rel=\"noopener\">bizutage<\/a>, rapportent nos confr\u00e8res de <a href=\"https:\/\/france3-regions.franceinfo.fr\/occitanie\/haute-garonne\/toulouse\/laches-en-pleine-foret-en-sous-vetements-le-bizutage-vire-au-cauchemar-trois-etudiants-hospitalises-dont-un-dans-un-etat-grave-3225140.html\" rel=\"nofollow noopener\" target=\"_blank\" class=\"c-link c-link--is-underlined\">France 3 Occitanie<\/a>.<\/p>\n<p>Les organisateurs avaient donn\u00e9 rendez-vous aux \u00e9l\u00e8ves de deuxi\u00e8me ann\u00e9e \u00e0 la for\u00eat domaniale de Bouconne, \u00e0 une vingtaine de kilom\u00e8tres de la Ville rose. Les \u00e9tudiants ont \u00e9t\u00e9 abandonn\u00e9s dans les bois en pleine nuit, en sous-v\u00eatements, alors que les temp\u00e9ratures avaient lourdement chut\u00e9.<\/p>\n<p class=\"mb-xxl@xs color-ultramarine font-weight-semi-bold@xs font-source-serif-pro heading-s@xs\">L\u2019acc\u00e8s \u00e0 ce contenu a \u00e9t\u00e9 bloqu\u00e9 afin de respecter votre choix de consentement<\/p>\n<p class=\"mb-m@xs text-l@xs\">En cliquant sur\u00ab J\u2019accepte \u00bb, vous acceptez le d\u00e9p\u00f4t de cookies par des services externes et aurez ainsi acc\u00e8s aux contenus de nos partenaires.<\/p>\n<p class=\"mb-xl@xs text-s@xs\">Plus d\u2019informations sur la page<a href=\"https:\/\/www.20minutes.fr\/gestion-cookies\" class=\"mx-xxs@xs color-ultramarine\" target=\"_blank\" rel=\"noopener\">Politique de gestion des cookies<\/a><\/p>\n<p>J\u2019accepteLa direction condamne<\/p>\n<p>Le lendemain, les <a href=\"https:\/\/www.20minutes.fr\/dossier\/pompiers\" class=\"c-link c-link--is-underlined\" target=\"_blank\" rel=\"noopener\">pompiers<\/a> et les <a href=\"https:\/\/www.20minutes.fr\/societe\/gendarme\/\" class=\"c-link c-link--is-underlined\" target=\"_blank\" rel=\"noopener\">gendarmes<\/a> ont d\u00fb se rendre sur place pour rechercher plusieurs jeunes qui s\u2019\u00e9taient perdus dans la for\u00eat. \u00ab\u00a0Nous avons pris en charge trois victimes, une en urgence absolue, et deux autres en urgence relative pour malaise et hypothermie\u00a0\u00bb, confirme le\u00a0Service d\u00e9partemental d\u2019incendie et de secours de la Haute-Garonne \u00e0 France 3.<\/p>\n<p>La direction de la Facult\u00e9 de m\u00e9decine a vivement condamn\u00e9 cet incident et assure que la soir\u00e9e d\u2019int\u00e9gration n\u2019avait pas \u00e9t\u00e9 valid\u00e9e. \u00ab\u00a0L\u2019Universit\u00e9 de Toulouse et la facult\u00e9 de sant\u00e9 ont pris des mesures imm\u00e9diates dans l\u2019accompagnement et la prise en charge des \u00e9tudiantes et \u00e9tudiants, notamment hospitalis\u00e9s\u00a0\u00bb, indique-t-elle. La facult\u00e9 a \u00e9galement engag\u00e9 une proc\u00e9dure interne contre les organisateurs, tout en saisissant les autorit\u00e9s.<\/p>\n<\/p>\n<p>Un d\u00e9lit puni par la loi<\/p>\n<p>Car le bizutage est bien interdit par la loi. Ce d\u00e9lit est \u00ab\u00a0puni de 6 mois d\u2019emprisonnement et de\u00a07.500\u00a0euros d\u2019amende. Ces peines sont doubl\u00e9es si la victime est une personne vuln\u00e9rable\u00a0\u00bb, <a href=\"https:\/\/www.service-public.gouv.fr\/particuliers\/vosdroits\/F2275\" rel=\"nofollow noopener\" target=\"_blank\" class=\"c-link c-link--is-underlined\">pr\u00e9cise le site du Service public<\/a>. Le 26 septembre, les repr\u00e9sentants \u00e9tudiants de l\u2019UFR de m\u00e9decine ont publi\u00e9 <a href=\"https:\/\/www.instagram.com\/p\/DPDf2ZZkgDo\/?img_index=1\" rel=\"nofollow noopener\" target=\"_blank\" class=\"c-link c-link--is-underlined\">sur Instagram<\/a> un rappel des r\u00e8gles et ont invit\u00e9 les personnes victimes ou les t\u00e9moins de bizutage \u00e0 se manifester.<\/p>\n<p><script async src=\"\/\/www.instagram.com\/embed.js\"><\/script><\/p>\n","protected":false},"excerpt":{"rendered":"La soir\u00e9e d\u2019int\u00e9gration a d\u00e9rap\u00e9, le 24\u00a0septembre dernier dans la r\u00e9gion de Toulouse (Haute-Garonne). Trois \u00e9tudiants en m\u00e9decine&hellip;\n","protected":false},"author":2,"featured_media":430916,"comment_status":"","ping_status":"","sticky":false,"template":"","format":"standard","meta":{"footnotes":""},"categories":[2816],"tags":[1111,47,11,55910,4081,1777,674,118,1011,27,2722,224,2721,12,2680,25,2312],"class_list":{"0":"post-430915","1":"post","2":"type-post","3":"status-publish","4":"format-standard","5":"has-post-thumbnail","7":"category-toulouse","8":"tag-actu","9":"tag-actualite","10":"tag-actualites","11":"tag-bizutage","12":"tag-etudiant","13":"tag-eu","14":"tag-europe","15":"tag-faits-divers","16":"tag-fr","17":"tag-france","18":"tag-haute-garonne","19":"tag-medecine","20":"tag-midi-pyrenees","21":"tag-news","22":"tag-occitanie","23":"tag-republique-francaise","24":"tag-toulouse"},"share_on_mastodon":{"url":"https:\/\/pubeurope.com\/@fr\/115298500960271184","error":""},"_links":{"self":[{"href":"https:\/\/www.europesays.com\/fr\/wp-json\/wp\/v2\/posts\/430915","targetHints":{"allow":["GET"]}}],"collection":[{"href":"https:\/\/www.europesays.com\/fr\/wp-json\/wp\/v2\/posts"}],"about":[{"href":"https:\/\/www.europesays.com\/fr\/wp-json\/wp\/v2\/types\/post"}],"author":[{"embeddable":true,"href":"https:\/\/www.europesays.com\/fr\/wp-json\/wp\/v2\/users\/2"}],"replies":[{"embeddable":true,"href":"https:\/\/www.europesays.com\/fr\/wp-json\/wp\/v2\/comments?post=430915"}],"version-history":[{"count":0,"href":"https:\/\/www.europesays.com\/fr\/wp-json\/wp\/v2\/posts\/430915\/revisions"}],"wp:featuredmedia":[{"embeddable":true,"href":"https:\/\/www.europesays.com\/fr\/wp-json\/wp\/v2\/media\/430916"}],"wp:attachment":[{"href":"https:\/\/www.europesays.com\/fr\/wp-json\/wp\/v2\/media?parent=430915"}],"wp:term":[{"taxonomy":"category","embeddable":true,"href":"https:\/\/www.europesays.com\/fr\/wp-json\/wp\/v2\/categories?post=430915"},{"taxonomy":"post_tag","embeddable":true,"href":"https:\/\/www.europesays.com\/fr\/wp-json\/wp\/v2\/tags?post=430915"}],"curies":[{"name":"wp","href":"https:\/\/api.w.org\/{rel}","templated":true}]}}