{"id":430917,"date":"2025-10-01T10:44:09","date_gmt":"2025-10-01T10:44:09","guid":{"rendered":"https:\/\/www.europesays.com\/fr\/430917\/"},"modified":"2025-10-01T10:44:09","modified_gmt":"2025-10-01T10:44:09","slug":"vous-risquez-135-e-damende","status":"publish","type":"post","link":"https:\/\/www.europesays.com\/fr\/430917\/","title":{"rendered":"vous risquez 135 \u20ac d&rsquo;amende\u00a0!"},"content":{"rendered":"<p>            Par<br \/>\n        <strong><br \/>\n            <a href=\"https:\/\/actu.fr\/auteur\/nicolas-demollien\" title=\"Consulter tous les articles de Nicolas Demollien\" target=\"_blank\" rel=\"noopener\">Nicolas Demollien<\/a><br \/>\n        <\/strong><\/p>\n<p>        Publi\u00e9 le<\/p>\n<p>            1 oct. 2025 \u00e0 11h35        <\/p>\n<p>Jusque-l\u00e0 <b>il \u00e9tait indolore mais \u00e7a va changer<\/b> ! \u00c0 <b>partir du 16 octobre 2025<\/b>, le <a href=\"https:\/\/actu.fr\/tag\/radars\" target=\"_blank\" rel=\"noopener\">radar<\/a> mis en place sur l\u2019<a href=\"https:\/\/actu.fr\/tag\/autoroute-1-a1\" target=\"_blank\" rel=\"noopener\">autoroute A1<\/a> en direction de <a href=\"https:\/\/actu.fr\/hauts-de-france\/lille_59350\" target=\"_blank\" rel=\"noopener\">Lille<\/a> (Nord) va pouvoir vous verbaliser. Ce <a href=\"https:\/\/actu.fr\/hauts-de-france\/lille_59350\/cest-quoi-ce-tout-nouveau-radar-apparu-sur-la1-dans-le-sens-paris-lille_60089863.html\" target=\"_blank\" rel=\"noopener\">radar d\u2019un nouveau genre<\/a> est <b>visible depuis plusieurs mois<\/b>. Et il va pouvoir contr\u00f4ler si vous <b>r<\/b><b>espectez bien la voie de covoiturage<\/b> en v\u00e9rifiant notamment si vous \u00eates <b>seuls ou pas dans votre v\u00e9hicule<\/b> !<\/p>\n<p>Ce radar d\u2019un nouveau genre sur l\u2019A1 va pouvoir vous verbaliser pr\u00e8s de Lille<\/p>\n<p data-end=\"2137\" class=\" wall-content\">Ce radar a \u00e9t\u00e9 mis en place \u00ab\u00a0afin de garantir le <b>respect et le bon fonctionnement de la voie r\u00e9serv\u00e9e<\/b> au <a href=\"https:\/\/actu.fr\/tag\/covoiturage\" target=\"_blank\" rel=\"noopener\">covoiturage<\/a>\u00ab\u00a0, confirme la pr\u00e9fecture du <a href=\"https:\/\/actu.fr\/hauts-de-france\/nord_59\" target=\"_blank\" rel=\"noopener\">Nord<\/a>.<\/p>\n<p data-end=\"2566\" class=\" wall-content\">Et d\u2019expliquer que la mission principale de cet \u00e9quipement d\u2019un nouveau genre est \u00ab\u00a0d\u2019<b>analyser en temps r\u00e9el les v\u00e9hicules circulant sur la voie r\u00e9serv\u00e9e<\/b> et v\u00e9rifier automatiquement le <b>nombre d\u2019occupants dans les v\u00e9hicules<\/b> afin de verbaliser les usagers empruntant seuls la voie r\u00e9serv\u00e9e au covoiturage lorsque celle-ci est active\u00a0\u00bb. Vous voil\u00e0 pr\u00e9venus : les <b>contrevenants s\u2019exposent \u00e0 une amende de 135 \u20ac<\/b>.<\/p>\n<p data-end=\"2566\" class=\" wall-content\">\u00ab\u00a0Ce radar vient compl\u00e9ter les <b>autres contr\u00f4les que pourront r\u00e9aliser les forces de l\u2019ordre<\/b>. Le radar p\u00e9dagogique, d\u00e9j\u00e0 en place, continue \u00e0 inciter les usagers seuls dans leurs v\u00e9hicules \u00e0 quitter la voie r\u00e9serv\u00e9e\u00a0\u00bb, ajoute la pr\u00e9fecture.<\/p>\n<p data-end=\"2566\" class=\" wall-content\">Notons que le dispositif <b>permet \u00e9galement \u00ab\u00a0de collecter un certain nombre de donn\u00e9es statistiques<\/b> (totalement anonymes) permettant l\u2019\u00e9valuation du taux de covoiturage\u00a0\u00bb.<\/p>\n<p>Quel bilan pour cette voie r\u00e9serv\u00e9e au covoiturage ?<\/p>\n<p data-end=\"635\" class=\" wall-content\">Pour m\u00e9moire, dans le cadre d\u2019une <b>exp\u00e9rimentation<\/b> nationale, depuis septembre 2023, la Direction Interd\u00e9partementale des routes Nord (DIR Nord) a <a href=\"https:\/\/actu.fr\/hauts-de-france\/seclin_59560\/pres-de-lille-sur-la1-la-voie-de-gauche-reservee-au-covoiturage-en-heure-de-pointe_60028454.html\" target=\"_blank\" rel=\"noopener\">mis en place cette voie r\u00e9serv\u00e9e au covoiturage<\/a> sur l\u2019autoroute A1. \u00ab\u00a0Cr\u00e9\u00e9e pour faciliter la circulation et limiter les bouchons, elle encourage \u00e9galement les trajets partag\u00e9s sur cet axe tr\u00e8s fr\u00e9quent\u00e9 avec <b>pr\u00e8s de 100 000 v\u00e9hicules chaque jour<\/b>\u00ab\u00a0, d\u00e9taille la pr\u00e9fecture.<\/p>\n<p>Votre r\u00e9gion, votre actu !<\/p>\n<p>Recevez chaque jour les infos qui comptent pour vous.<\/p>\n<p>\t<a href=\"https:\/\/actu.fr\/newsletter\" class=\"ac-btn ac-btn--corner ac-btn--medium ac-btn--blue800\" target=\"_blank\" rel=\"noopener\">S&rsquo;incrire<\/a><\/p>\n<p data-end=\"952\" class=\" wall-content\">Cette <b>voie, longue de 13 kilom\u00e8tres, s\u2019active automatiquement<\/b> en semaine <b>aux heures de pointe<\/b>, lorsque la circulation devient dense et que la <b>vitesse est limit\u00e9e \u00e0 70 km\/h<\/b>. Elle est <b>r\u00e9serv\u00e9e aux v\u00e9hicules transportant au moins deux personnes, aux transports en commun, taxis et v\u00e9hicules \u00e9lectriques<\/b>.<\/p>\n<p data-end=\"1234\" class=\" wall-content\">Ses d\u00e9buts <a href=\"https:\/\/actu.fr\/hauts-de-france\/lille_59350\/voie-de-covoiturage-sur-la1-trop-de-solo-voitureurs-y-circulent-selon-la-prefecture_60160580.html\" target=\"_blank\" rel=\"noopener\">avaient \u00e9t\u00e9 peu concluants<\/a>. Mais deux ans apr\u00e8s son lancement, \u00ab\u00a0la voie r\u00e9serv\u00e9e pr\u00e9sente des r\u00e9sultats encourageants\u00a0\u00bb d\u00e9sormais. La pr\u00e9fecture d\u00e9taille : \u00ab\u00a0activ\u00e9e en moyenne <b>2h30 par jour entre 6h45 et 9h15 dans le sens Paris-Lille<\/b>, elle a contribu\u00e9 \u00e0 faire progresser le covoiturage de 18 % \u00e0 20 %\u00a0\u00bb.<\/p>\n<p data-end=\"1542\" class=\" wall-content\">Selon les donn\u00e9es collect\u00e9es par les appareils de mesure, les covoitureurs y roulent \u00e0<b> 63 km\/h en moyenne<\/b>, b\u00e9n\u00e9ficiant d\u2019un <b>gain de 4 minutes par trajet<\/b>, soit une r\u00e9duction de 12 % du temps de parcours, sans p\u00e9naliser les autres usagers.<\/p>\n<p data-end=\"1542\" class=\" wall-content\">\u00ab\u00a0Ces donn\u00e9es confirment que le dispositif favorise une <b>circulation plus fluide et incite \u00e0 des pratiques de mobilit\u00e9 durable<\/b>\u00ab\u00a0, assure encore la pr\u00e9fecture, tout en pr\u00e9cisant que son \u00ab\u00a0<b>efficacit\u00e9 reste frein\u00e9e par certains comportements<\/b>\u00a0\u00bb : 45 % des v\u00e9hicules y d\u00e9passent la limite de 70 km\/h et 49 % y circulent en infraction avec un seul occupant.<\/p>\n<p data-end=\"1542\" class=\" wall-content\">Le passage \u00e0 la r\u00e9pression devrait am\u00e9liorer cette efficacit\u00e9 !<\/p>\n<p class=\" wall-content\">Personnalisez votre actualit\u00e9 en ajoutant vos villes et m\u00e9dias en favori avec <a href=\"https:\/\/moncompte.actu.fr\" title=\"D\u00e9couvez Mon Actu\" rel=\"nofollow noopener\" data-trk=\"{&quot;cta&quot;:{&quot;action&quot;:&quot;https:\\\/\\\/moncompte.actu.fr&quot;,&quot;category&quot;:&quot;mon compte&quot;,&quot;from&quot;:&quot;article footer&quot;,&quot;name&quot;:&quot;Mon actu&quot;,&quot;type&quot;:&quot;cta&quot;}}\" target=\"_blank\">Mon Actu<\/a>.<\/p>\n","protected":false},"excerpt":{"rendered":"Par Nicolas Demollien Publi\u00e9 le 1 oct. 2025 \u00e0 11h35 Jusque-l\u00e0 il \u00e9tait indolore mais \u00e7a va changer&hellip;\n","protected":false},"author":2,"featured_media":430918,"comment_status":"","ping_status":"","sticky":false,"template":"","format":"standard","meta":{"footnotes":""},"categories":[2815],"tags":[1111,11,9904,16745,1777,674,1011,27,811,1307,12,6957,25,104],"class_list":{"0":"post-430917","1":"post","2":"type-post","3":"status-publish","4":"format-standard","5":"has-post-thumbnail","7":"category-lille","8":"tag-actu","9":"tag-actualites","10":"tag-autoroute-1-a1","11":"tag-covoiturage","12":"tag-eu","13":"tag-europe","14":"tag-fr","15":"tag-france","16":"tag-hauts-de-france","17":"tag-lille","18":"tag-news","19":"tag-radars","20":"tag-republique-francaise","21":"tag-societe"},"share_on_mastodon":{"url":"https:\/\/pubeurope.com\/@fr\/115298504882982512","error":""},"_links":{"self":[{"href":"https:\/\/www.europesays.com\/fr\/wp-json\/wp\/v2\/posts\/430917","targetHints":{"allow":["GET"]}}],"collection":[{"href":"https:\/\/www.europesays.com\/fr\/wp-json\/wp\/v2\/posts"}],"about":[{"href":"https:\/\/www.europesays.com\/fr\/wp-json\/wp\/v2\/types\/post"}],"author":[{"embeddable":true,"href":"https:\/\/www.europesays.com\/fr\/wp-json\/wp\/v2\/users\/2"}],"replies":[{"embeddable":true,"href":"https:\/\/www.europesays.com\/fr\/wp-json\/wp\/v2\/comments?post=430917"}],"version-history":[{"count":0,"href":"https:\/\/www.europesays.com\/fr\/wp-json\/wp\/v2\/posts\/430917\/revisions"}],"wp:featuredmedia":[{"embeddable":true,"href":"https:\/\/www.europesays.com\/fr\/wp-json\/wp\/v2\/media\/430918"}],"wp:attachment":[{"href":"https:\/\/www.europesays.com\/fr\/wp-json\/wp\/v2\/media?parent=430917"}],"wp:term":[{"taxonomy":"category","embeddable":true,"href":"https:\/\/www.europesays.com\/fr\/wp-json\/wp\/v2\/categories?post=430917"},{"taxonomy":"post_tag","embeddable":true,"href":"https:\/\/www.europesays.com\/fr\/wp-json\/wp\/v2\/tags?post=430917"}],"curies":[{"name":"wp","href":"https:\/\/api.w.org\/{rel}","templated":true}]}}