{"id":430921,"date":"2025-10-01T10:46:10","date_gmt":"2025-10-01T10:46:10","guid":{"rendered":"https:\/\/www.europesays.com\/fr\/430921\/"},"modified":"2025-10-01T10:46:10","modified_gmt":"2025-10-01T10:46:10","slug":"rallie-a-ludr-guil-darmon-perd-ses-fonctions-dadjoint-a-la-maire-des-9e-10e","status":"publish","type":"post","link":"https:\/\/www.europesays.com\/fr\/430921\/","title":{"rendered":"ralli\u00e9 \u00e0 l&rsquo;UDR, Guil Darmon perd ses fonctions d&rsquo;adjoint \u00e0 la maire des 9e-10e"},"content":{"rendered":"<p>En d\u00e9but de semaine derni\u00e8re, l&rsquo;\u00e9lu des quartiers Sud avait annonc\u00e9 son ralliement \u00e0 l&rsquo;UDR et \u00e0 la candidature de <a href=\"https:\/\/www.laprovence.com\/article\/elections\/95016769971091\/municipales-a-marseille-le-rn-poursuit-son-mercato\" target=\"_blank\" rel=\"noopener\">Franck Allisio (RN)<\/a>. Un grand \u00e9cart pour ce marcheur historique, candidat LREM aux l\u00e9gislatives de 2017 face \u00e0 Guy Teissier (LR) et colistier de Lionel Royer-Perreaut (LR \u00e0 l&rsquo;\u00e9poque) aux municipales de 2020.<\/p>\n<p>Pour commenter son \u00e9viction, Guil Darmon a, paradoxalement, remerci\u00e9<a href=\"https:\/\/www.laprovence.com\/article\/region\/3390192835913615\/pour-2025-la-maire-des-9e-10e-a-marseille-aimerait-que-les-travaux-du-boulevard-urbain-sud-commencent\" target=\"_blank\" rel=\"noopener\"> Anne-Marie d&rsquo;Estienne d&rsquo;Orves<\/a> et Lionel Royer-Perreaut. \u00ab\u00a0Je me sens bless\u00e9 par votre choix parce que j&rsquo;avais confiance en vous, a r\u00e9pondu l&rsquo;ancien maire de secteur. Vous avez fait un choix personnel. Nous en tirons les conclusions.\u00a0\u00bb Avant d&rsquo;avertir sa successeure \u00e0 Maison-Blanche\u00a0: \u00ab\u00a0Mon petit doigt me dit que vous n&rsquo;\u00eates pas au bout de vos surprises\u2026\u00a0\u00bb<\/p>\n","protected":false},"excerpt":{"rendered":"En d\u00e9but de semaine derni\u00e8re, l&rsquo;\u00e9lu des quartiers Sud avait annonc\u00e9 son ralliement \u00e0 l&rsquo;UDR et \u00e0 la&hellip;\n","protected":false},"author":2,"featured_media":430922,"comment_status":"","ping_status":"","sticky":false,"template":"","format":"standard","meta":{"footnotes":""},"categories":[2814],"tags":[17,1111,11,2826,55914,1777,674,1011,27,55913,55912,884,12,1439,316,882,55911,25],"class_list":{"0":"post-430921","1":"post","2":"type-post","3":"status-publish","4":"format-standard","5":"has-post-thumbnail","7":"category-marseille","8":"tag-17","9":"tag-actu","10":"tag-actualites","11":"tag-confidentiels","12":"tag-darmon","13":"tag-eu","14":"tag-europe","15":"tag-fr","16":"tag-france","17":"tag-guil","18":"tag-ludr","19":"tag-marseille","20":"tag-news","21":"tag-perd","22":"tag-politique","23":"tag-provence-alpes-cote-dazur","24":"tag-rallie","25":"tag-republique-francaise"},"share_on_mastodon":{"url":"https:\/\/pubeurope.com\/@fr\/115298512820232246","error":""},"_links":{"self":[{"href":"https:\/\/www.europesays.com\/fr\/wp-json\/wp\/v2\/posts\/430921","targetHints":{"allow":["GET"]}}],"collection":[{"href":"https:\/\/www.europesays.com\/fr\/wp-json\/wp\/v2\/posts"}],"about":[{"href":"https:\/\/www.europesays.com\/fr\/wp-json\/wp\/v2\/types\/post"}],"author":[{"embeddable":true,"href":"https:\/\/www.europesays.com\/fr\/wp-json\/wp\/v2\/users\/2"}],"replies":[{"embeddable":true,"href":"https:\/\/www.europesays.com\/fr\/wp-json\/wp\/v2\/comments?post=430921"}],"version-history":[{"count":0,"href":"https:\/\/www.europesays.com\/fr\/wp-json\/wp\/v2\/posts\/430921\/revisions"}],"wp:featuredmedia":[{"embeddable":true,"href":"https:\/\/www.europesays.com\/fr\/wp-json\/wp\/v2\/media\/430922"}],"wp:attachment":[{"href":"https:\/\/www.europesays.com\/fr\/wp-json\/wp\/v2\/media?parent=430921"}],"wp:term":[{"taxonomy":"category","embeddable":true,"href":"https:\/\/www.europesays.com\/fr\/wp-json\/wp\/v2\/categories?post=430921"},{"taxonomy":"post_tag","embeddable":true,"href":"https:\/\/www.europesays.com\/fr\/wp-json\/wp\/v2\/tags?post=430921"}],"curies":[{"name":"wp","href":"https:\/\/api.w.org\/{rel}","templated":true}]}}