{"id":430923,"date":"2025-10-01T10:47:10","date_gmt":"2025-10-01T10:47:10","guid":{"rendered":"https:\/\/www.europesays.com\/fr\/430923\/"},"modified":"2025-10-01T10:47:10","modified_gmt":"2025-10-01T10:47:10","slug":"le-conseil-des-15e-16e-affiche-sa-solidarite-avec-les-sinistres-de-lincendie-du-8-juillet","status":"publish","type":"post","link":"https:\/\/www.europesays.com\/fr\/430923\/","title":{"rendered":"le conseil des 15e-16e affiche sa solidarit\u00e9 avec les sinistr\u00e9s de l&rsquo;incendie du 8\u00a0juillet"},"content":{"rendered":"<p>\u00ab\u00a0Depuis le 8\u00a0juillet, le CCAS a distribu\u00e9 <a href=\"https:\/\/www.laprovence.com\/article\/region\/1339686990770114\/incendie-a-marseille-la-prise-en-charge-a-ete-exemplaire-racontent-les-sinistres-a-lestaque\" target=\"_blank\" rel=\"noopener\">des aides<\/a> pour r\u00e9pondre aux besoins de premi\u00e8re n\u00e9cessit\u00e9 <a href=\"https:\/\/www.laprovence.com\/article\/region\/7047479383776514\/incendie-de-marseille-on-a-vu-les-arbres-bruler-sous-nos-fenetres-panique-et-solidarite-a-la-castellane-et-a-verduron\" target=\"_blank\" rel=\"noopener\">des sinistr\u00e9s<\/a>. Ainsi, 307 m\u00e9nages ont re\u00e7u une aide exceptionnelle d&rsquo;un montant total cumul\u00e9 de 436\u00a0000\u00a0\u20ac, livre le rapport. Plus de 350 foyers ont re\u00e7u un ch\u00e8que d&rsquo;accompagnement sp\u00e9cialis\u00e9 pour un montant total cumul\u00e9 de 95\u00a0225\u00a0\u20ac.\u00a0\u00bb<\/p>\n<p>La Ville ne s&rsquo;arr\u00eate pas l\u00e0 puisque la d\u00e9lib\u00e9ration examin\u00e9e en conseil municipal vendredi doit permettre \u00ab\u00a0d&rsquo;approuver le principe de gratuit\u00e9 de la restauration scolaire, des activit\u00e9s p\u00e9riscolaires et des centres a\u00e9r\u00e9s pour les enfants des familles \u00e9vacu\u00e9es, ainsi que l&rsquo;exon\u00e9ration des frais de garde en cr\u00e8ches municipales\u00a0\u00bb. Il pr\u00e9voit \u00e9galement \u00ab\u00a0la convention de partenariat entre la Ville, le D\u00e9partement et le Sdis 13 pour l&rsquo;am\u00e9lioration de la pr\u00e9vention incendie\u00a0\u00bb, la maire (DVG) du secteur, <a href=\"https:\/\/www.laprovence.com\/article\/region\/6618185953845414\/bungalows-a-chateau-bovis-le-ciq-de-lestaque-gare-deplore-labsence-de-consultation\" target=\"_blank\" rel=\"noopener\">Nadia Boulainseur<\/a>, d\u00e9fendant \u00ab\u00a0la n\u00e9cessit\u00e9 d&rsquo;un nouveau plan de pr\u00e9vention face \u00e0 des \u00e9pisodes qui pourraient se r\u00e9p\u00e9ter\u00a0\u00bb.<\/p>\n<p>Les associations culturelles de l&rsquo;Estaque touch\u00e9es, le P\u00f4le nord et la D\u00e9viation, doivent aussi profiter d&rsquo;importantes subventions.<\/p>\n","protected":false},"excerpt":{"rendered":"\u00ab\u00a0Depuis le 8\u00a0juillet, le CCAS a distribu\u00e9 des aides pour r\u00e9pondre aux besoins de premi\u00e8re n\u00e9cessit\u00e9 des sinistr\u00e9s.&hellip;\n","protected":false},"author":2,"featured_media":430924,"comment_status":"","ping_status":"","sticky":false,"template":"","format":"standard","meta":{"footnotes":""},"categories":[2814],"tags":[55915,17,1111,11,2084,2826,7516,154,1777,674,1011,27,884,12,316,882,25,3400],"class_list":{"0":"post-430923","1":"post","2":"type-post","3":"status-publish","4":"format-standard","5":"has-post-thumbnail","7":"category-marseille","8":"tag-15e-16e","9":"tag-17","10":"tag-actu","11":"tag-actualites","12":"tag-affiche","13":"tag-confidentiels","14":"tag-conseil","15":"tag-des","16":"tag-eu","17":"tag-europe","18":"tag-fr","19":"tag-france","20":"tag-marseille","21":"tag-news","22":"tag-politique","23":"tag-provence-alpes-cote-dazur","24":"tag-republique-francaise","25":"tag-solidarite"},"share_on_mastodon":{"url":"https:\/\/pubeurope.com\/@fr\/115298516597473037","error":""},"_links":{"self":[{"href":"https:\/\/www.europesays.com\/fr\/wp-json\/wp\/v2\/posts\/430923","targetHints":{"allow":["GET"]}}],"collection":[{"href":"https:\/\/www.europesays.com\/fr\/wp-json\/wp\/v2\/posts"}],"about":[{"href":"https:\/\/www.europesays.com\/fr\/wp-json\/wp\/v2\/types\/post"}],"author":[{"embeddable":true,"href":"https:\/\/www.europesays.com\/fr\/wp-json\/wp\/v2\/users\/2"}],"replies":[{"embeddable":true,"href":"https:\/\/www.europesays.com\/fr\/wp-json\/wp\/v2\/comments?post=430923"}],"version-history":[{"count":0,"href":"https:\/\/www.europesays.com\/fr\/wp-json\/wp\/v2\/posts\/430923\/revisions"}],"wp:featuredmedia":[{"embeddable":true,"href":"https:\/\/www.europesays.com\/fr\/wp-json\/wp\/v2\/media\/430924"}],"wp:attachment":[{"href":"https:\/\/www.europesays.com\/fr\/wp-json\/wp\/v2\/media?parent=430923"}],"wp:term":[{"taxonomy":"category","embeddable":true,"href":"https:\/\/www.europesays.com\/fr\/wp-json\/wp\/v2\/categories?post=430923"},{"taxonomy":"post_tag","embeddable":true,"href":"https:\/\/www.europesays.com\/fr\/wp-json\/wp\/v2\/tags?post=430923"}],"curies":[{"name":"wp","href":"https:\/\/api.w.org\/{rel}","templated":true}]}}