{"id":430925,"date":"2025-10-01T10:48:14","date_gmt":"2025-10-01T10:48:14","guid":{"rendered":"https:\/\/www.europesays.com\/fr\/430925\/"},"modified":"2025-10-01T10:48:14","modified_gmt":"2025-10-01T10:48:14","slug":"1-200-personnes-recherchees-dans-la-metropole-de-lyon-et-dans-la-region","status":"publish","type":"post","link":"https:\/\/www.europesays.com\/fr\/430925\/","title":{"rendered":"1\u00a0200 personnes recherch\u00e9es dans la M\u00e9tropole de Lyon et dans la r\u00e9gion"},"content":{"rendered":"<p>Chez Amazon, la campagne de recrutement est ouverte concernant les emplois saisonniers de fin 2025. Le g\u00e9ant am\u00e9ricain du e-commerce, qui compte quatre implantations en Auvergne Rh\u00f4ne-Alpes avec les sites logistiques de Mont\u00e9limar (Dr\u00f4me), Satolas-et-Bonce (Is\u00e8re) et les agences de livraison de Saint-Priest (Rh\u00f4ne) et Seynod (Haute-Savoie), recherche 1\u00a0200 profils, soit 250 de plus que l\u2019an dernier. Ils seront amen\u00e9s \u00e0 renforcer les \u00e9quipes existantes (1500 salari\u00e9s en CDI dans la r\u00e9gion), alors que se profilent le Black Friday et No\u00ebl.<\/p>\n<p>\u00ab\u00a0Ce chiffre en hausse refl\u00e8te nos investissements dans la r\u00e9gion\u00a0\u00bb, pr\u00e9cise&#8230;<\/p>\n","protected":false},"excerpt":{"rendered":"Chez Amazon, la campagne de recrutement est ouverte concernant les emplois saisonniers de fin 2025. Le g\u00e9ant am\u00e9ricain&hellip;\n","protected":false},"author":2,"featured_media":430926,"comment_status":"","ping_status":"","sticky":false,"template":"","format":"standard","meta":{"footnotes":""},"categories":[1889],"tags":[1111,11,2430,4406,33,2757,341,1777,674,107,1011,27,2428,2756,12,25,2429,801,216],"class_list":{"0":"post-430925","1":"post","2":"type-post","3":"status-publish","4":"format-standard","5":"has-post-thumbnail","7":"category-lyon","8":"tag-actu","9":"tag-actualites","10":"tag-auvergne-rhone-alpes","11":"tag-commerce-et-services","12":"tag-economie","13":"tag-edition-lyon-villeurbanne","14":"tag-emploi","15":"tag-eu","16":"tag-europe","17":"tag-fil-info","18":"tag-fr","19":"tag-france","20":"tag-lyon","21":"tag-lyon-bassin","22":"tag-news","23":"tag-republique-francaise","24":"tag-rhone","25":"tag-social","26":"tag-vie-des-entreprises"},"share_on_mastodon":{"url":"https:\/\/pubeurope.com\/@fr\/115298520528895658","error":""},"_links":{"self":[{"href":"https:\/\/www.europesays.com\/fr\/wp-json\/wp\/v2\/posts\/430925","targetHints":{"allow":["GET"]}}],"collection":[{"href":"https:\/\/www.europesays.com\/fr\/wp-json\/wp\/v2\/posts"}],"about":[{"href":"https:\/\/www.europesays.com\/fr\/wp-json\/wp\/v2\/types\/post"}],"author":[{"embeddable":true,"href":"https:\/\/www.europesays.com\/fr\/wp-json\/wp\/v2\/users\/2"}],"replies":[{"embeddable":true,"href":"https:\/\/www.europesays.com\/fr\/wp-json\/wp\/v2\/comments?post=430925"}],"version-history":[{"count":0,"href":"https:\/\/www.europesays.com\/fr\/wp-json\/wp\/v2\/posts\/430925\/revisions"}],"wp:featuredmedia":[{"embeddable":true,"href":"https:\/\/www.europesays.com\/fr\/wp-json\/wp\/v2\/media\/430926"}],"wp:attachment":[{"href":"https:\/\/www.europesays.com\/fr\/wp-json\/wp\/v2\/media?parent=430925"}],"wp:term":[{"taxonomy":"category","embeddable":true,"href":"https:\/\/www.europesays.com\/fr\/wp-json\/wp\/v2\/categories?post=430925"},{"taxonomy":"post_tag","embeddable":true,"href":"https:\/\/www.europesays.com\/fr\/wp-json\/wp\/v2\/tags?post=430925"}],"curies":[{"name":"wp","href":"https:\/\/api.w.org\/{rel}","templated":true}]}}