{"id":430927,"date":"2025-10-01T10:49:12","date_gmt":"2025-10-01T10:49:12","guid":{"rendered":"https:\/\/www.europesays.com\/fr\/430927\/"},"modified":"2025-10-01T10:49:12","modified_gmt":"2025-10-01T10:49:12","slug":"drome-quatre-voitures-impliquees-dans-un-carambolage-sur-la7-deux-personnes-legerement-blessees","status":"publish","type":"post","link":"https:\/\/www.europesays.com\/fr\/430927\/","title":{"rendered":"Dr\u00f4me. Quatre voitures impliqu\u00e9es dans un carambolage sur l\u2019A7 : deux personnes l\u00e9g\u00e9rement bless\u00e9es"},"content":{"rendered":"<p>Mercredi 1er\u00a0octobre, vers 11 h 30, un carambolage impliquant quatre v\u00e9hicules s\u2019est produit sur l\u2019autoroute A7, \u00e0 Saint-Uze, dans le Nord-Dr\u00f4me, et en direction de Lyon. Sapeurs-pompiers et gendarmes du peloton d\u2019autoroute de Chanas (Is\u00e8re), sont mobilis\u00e9s sur place.<\/p>\n<p>Selon les informations du Dauphin\u00e9 lib\u00e9r\u00e9, le carambolage s&rsquo;est produit dans une zone o\u00f9 doivent se tenir des travaux. Deux personnes seraient l\u00e9g\u00e8rement bless\u00e9es.<\/p>\n<p>La circulation est fortement perturb\u00e9e dans le sens sud\/nord, avec un bouchon de plus de 11 kilom\u00e8tres qui, vers 12 h 30, est toujours en cours.<\/p>\n<p><strong>Plus d\u2019informations \u00e0 venir.<\/strong><\/p>\n","protected":false},"excerpt":{"rendered":"Mercredi 1er\u00a0octobre, vers 11 h 30, un carambolage impliquant quatre v\u00e9hicules s\u2019est produit sur l\u2019autoroute A7, \u00e0 Saint-Uze,&hellip;\n","protected":false},"author":2,"featured_media":430928,"comment_status":"","ping_status":"","sticky":false,"template":"","format":"standard","meta":{"footnotes":""},"categories":[1889],"tags":[119,1111,11,2430,3542,2730,2737,1777,674,274,107,1011,27,2428,12,25,55916,2803],"class_list":{"0":"post-430927","1":"post","2":"type-post","3":"status-publish","4":"format-standard","5":"has-post-thumbnail","7":"category-lyon","8":"tag-accident","9":"tag-actu","10":"tag-actualites","11":"tag-auvergne-rhone-alpes","12":"tag-circulation","13":"tag-drome","14":"tag-edition-romans-nord-drome","15":"tag-eu","16":"tag-europe","17":"tag-faits-divers-justice","18":"tag-fil-info","19":"tag-fr","20":"tag-france","21":"tag-lyon","22":"tag-news","23":"tag-republique-francaise","24":"tag-saint-uze","25":"tag-transport"},"share_on_mastodon":{"url":"https:\/\/pubeurope.com\/@fr\/115298524379615300","error":""},"_links":{"self":[{"href":"https:\/\/www.europesays.com\/fr\/wp-json\/wp\/v2\/posts\/430927","targetHints":{"allow":["GET"]}}],"collection":[{"href":"https:\/\/www.europesays.com\/fr\/wp-json\/wp\/v2\/posts"}],"about":[{"href":"https:\/\/www.europesays.com\/fr\/wp-json\/wp\/v2\/types\/post"}],"author":[{"embeddable":true,"href":"https:\/\/www.europesays.com\/fr\/wp-json\/wp\/v2\/users\/2"}],"replies":[{"embeddable":true,"href":"https:\/\/www.europesays.com\/fr\/wp-json\/wp\/v2\/comments?post=430927"}],"version-history":[{"count":0,"href":"https:\/\/www.europesays.com\/fr\/wp-json\/wp\/v2\/posts\/430927\/revisions"}],"wp:featuredmedia":[{"embeddable":true,"href":"https:\/\/www.europesays.com\/fr\/wp-json\/wp\/v2\/media\/430928"}],"wp:attachment":[{"href":"https:\/\/www.europesays.com\/fr\/wp-json\/wp\/v2\/media?parent=430927"}],"wp:term":[{"taxonomy":"category","embeddable":true,"href":"https:\/\/www.europesays.com\/fr\/wp-json\/wp\/v2\/categories?post=430927"},{"taxonomy":"post_tag","embeddable":true,"href":"https:\/\/www.europesays.com\/fr\/wp-json\/wp\/v2\/tags?post=430927"}],"curies":[{"name":"wp","href":"https:\/\/api.w.org\/{rel}","templated":true}]}}