{"id":430929,"date":"2025-10-01T10:51:11","date_gmt":"2025-10-01T10:51:11","guid":{"rendered":"https:\/\/www.europesays.com\/fr\/430929\/"},"modified":"2025-10-01T10:51:11","modified_gmt":"2025-10-01T10:51:11","slug":"une-deputee-insoumise-sinquiete-de-la-securite-a-bord-du-telepherique-en-ile-de-france-pecresse-lui-repond","status":"publish","type":"post","link":"https:\/\/www.europesays.com\/fr\/430929\/","title":{"rendered":"une d\u00e9put\u00e9e insoumise s&rsquo;inqui\u00e8te de la s\u00e9curit\u00e9 \u00e0 bord du t\u00e9l\u00e9ph\u00e9rique en \u00cele-de-France, P\u00e9cresse lui r\u00e9pond"},"content":{"rendered":"<p class=\"article-p mdl\">Des craintes pour la s\u00e9curit\u00e9 des femmes dans les transports en commun. Val\u00e9rie P\u00e9cresse a annonc\u00e9 la mise en circulation, le 13 d\u00e9cembre, du premier t\u00e9l\u00e9ph\u00e9rique urbain d&rsquo;\u00cele-de-France. De 4,5 kilom\u00e8tres de long, il relira les villes de Villeneuve-Saint-Georges, Valenton et Limeil-Br\u00e9vannes \u00e0 Cr\u00e9teil et sera accessible de 5h30 \u00e0 23h30, en semaine et jusqu&rsquo;\u00e0 00h30 le weekend. Selon la pr\u00e9sidente LR de la r\u00e9gion \u00cele-de-France, <strong>11.000 personnes seront amen\u00e9es \u00e0 emprunter ce nouveau moyen de locomotion<\/strong>.<\/p>\n<p class=\"article-p mdl\">Ce moyen de transport in\u00e9dit a soulev\u00e9 la question de la s\u00e9curit\u00e9 des femmes qui seront amen\u00e9es \u00e0 l&#8217;emprunter. Sur\u00a0<a class=\"link\" href=\"https:\/\/x.com\/abomangoli\/status\/1972051219645714689\" target=\"_blank\">le r\u00e9seau social X<\/a>, la d\u00e9put\u00e9e insoumise de Seine-Saint-Denis, Nad\u00e8ge\u00a0Abomangoli, a qualifi\u00e9 les cabines de ce t\u00e9l\u00e9ph\u00e9rique de \u00ab\u00a0nid \u00e0 agressions sexuelles\u00a0\u00bb, demandant qu&rsquo;elles soient \u00ab\u00a0non-mixtes\u00a0\u00bb. Un message qui a \u00e9t\u00e9 partag\u00e9 environ 5.000 fois et aim\u00e9 par 42.000 internautes.<\/p>\n<p class=\"article-p mdl\">Val\u00e9rie P\u00e9cresse, a r\u00e9pondu \u00e0 l&rsquo;\u00e9lue\u00a0<a class=\"link\" href=\"https:\/\/x.com\/vpecresse\/status\/1972928347526041737\" target=\"_blank\">sur X<\/a>. \u00ab\u00a0Je suis constern\u00e9e\u2026 La LFI d\u00e9couvre les probl\u00e8mes de s\u00e9curit\u00e9 dans les transports, pas nous !\u00a0\u00bb, a-t-elle \u00e9crit en assurant que <strong>\u00ab\u00a0toutes les cabines du t\u00e9l\u00e9ph\u00e9rique &lsquo;Cable 1&rsquo;, seront vid\u00e9oprot\u00e9g\u00e9es\u00a0\u00bb<\/strong>. \u00ab\u00a0Elles disposeront d&rsquo;<strong>un bouton pour alerter les agents<\/strong> et il y aura du personnel dans toutes les stations afin de garantir la s\u00e9curit\u00e9 de tous et de toutes\u00a0\u00bb, a assur\u00e9 la pr\u00e9sidente LR de la r\u00e9gion \u00cele-de-France.<\/p>\n<p>            7 femmes sur 10 victimes d\u00e9j\u00e0 violences dans les transports en commun<\/p>\n<p class=\"article-p mdl\"><a class=\"link\" href=\"https:\/\/x.com\/TF1Info\/status\/1973272118927241360\" target=\"_blank\">Dans l&rsquo;\u00e9mission Bonjour de TF1<\/a>\u00a0de\u00a0ce mercredi 1er octobre, le pr\u00e9fet de police de Paris, Laurent Nu\u00f1ez, a rappel\u00e9 l&rsquo;engagement des forces de l&rsquo;ordre. \u00ab\u00a0Dans les transports, on est extr\u00eamement pr\u00e9sent et la lutte contre les agressions sexuelles est l&rsquo;une de nos priorit\u00e9s\u00a0\u00bb, a-t-il indiqu\u00e9.<\/p>\n<p class=\"article-p mdl\">En mars 2025,\u00a0<a class=\"link\" href=\"https:\/\/arretonslesviolences.gouv.fr\/sites\/default\/files\/2025-03\/Lettre%2023%20Observatoire%20national%20des%20violences%20faites%20aux%20femmes.pdf\" target=\"_blank\" rel=\"noopener\">l&rsquo;Observatoire national des violences faites aux femmes a publi\u00e9 une \u00e9tude<\/a>\u00a0indiquant que le nombre de victimes de violences sexuelles dans les transports en commun a augment\u00e9 de 86% en dix ans, en France. Les femmes repr\u00e9sentent 91% des victimes, selon cette enqu\u00eate. En \u00cele-de-France,\u00a0<a class=\"link\" href=\"https:\/\/www.ratp.fr\/stop-harcelement\" target=\"_blank\" rel=\"noopener\">une \u00e9tude r\u00e9alis\u00e9e par la RATP<\/a>\u00a0dresse le constat que sept femmes sur dix ont d\u00e9j\u00e0 \u00e9t\u00e9 victimes de ces violences dans les transports en commun au cours de leur vie.<\/p>\n<p>    La r\u00e9daction vous recommande<\/p>\n<p class=\"s-newsletter__title\">\n                L\u2019actualit\u00e9 par la r\u00e9daction de RTL dans votre bo\u00eete mail.\n            <\/p>\n<p class=\"s-newsletter__subtitle\">\n                Gr\u00e2ce \u00e0 votre compte RTL abonnez-vous \u00e0 la newsletter RTL info pour suivre toute l&rsquo;actualit\u00e9 au quotidien\n            <\/p>\n<p>\n                                    Lire la suite\n                                <\/p>\n","protected":false},"excerpt":{"rendered":"Des craintes pour la s\u00e9curit\u00e9 des femmes dans les transports en commun. Val\u00e9rie P\u00e9cresse a annonc\u00e9 la mise&hellip;\n","protected":false},"author":2,"featured_media":430930,"comment_status":"","ping_status":"","sticky":false,"template":"","format":"standard","meta":{"footnotes":""},"categories":[1592],"tags":[1111,11,1777,674,107,1011,27,662,2338,6319,12,626,25,800,2328],"class_list":{"0":"post-430929","1":"post","2":"type-post","3":"status-publish","4":"format-standard","5":"has-post-thumbnail","7":"category-ile-de-france","8":"tag-actu","9":"tag-actualites","10":"tag-eu","11":"tag-europe","12":"tag-fil-info","13":"tag-fr","14":"tag-france","15":"tag-ile-de-france","16":"tag-la-france-insoumise","17":"tag-les-republicains","18":"tag-news","19":"tag-paris","20":"tag-republique-francaise","21":"tag-transports","22":"tag-valerie-pecresse"},"share_on_mastodon":{"url":"https:\/\/pubeurope.com\/@fr\/115298532351849257","error":""},"_links":{"self":[{"href":"https:\/\/www.europesays.com\/fr\/wp-json\/wp\/v2\/posts\/430929","targetHints":{"allow":["GET"]}}],"collection":[{"href":"https:\/\/www.europesays.com\/fr\/wp-json\/wp\/v2\/posts"}],"about":[{"href":"https:\/\/www.europesays.com\/fr\/wp-json\/wp\/v2\/types\/post"}],"author":[{"embeddable":true,"href":"https:\/\/www.europesays.com\/fr\/wp-json\/wp\/v2\/users\/2"}],"replies":[{"embeddable":true,"href":"https:\/\/www.europesays.com\/fr\/wp-json\/wp\/v2\/comments?post=430929"}],"version-history":[{"count":0,"href":"https:\/\/www.europesays.com\/fr\/wp-json\/wp\/v2\/posts\/430929\/revisions"}],"wp:featuredmedia":[{"embeddable":true,"href":"https:\/\/www.europesays.com\/fr\/wp-json\/wp\/v2\/media\/430930"}],"wp:attachment":[{"href":"https:\/\/www.europesays.com\/fr\/wp-json\/wp\/v2\/media?parent=430929"}],"wp:term":[{"taxonomy":"category","embeddable":true,"href":"https:\/\/www.europesays.com\/fr\/wp-json\/wp\/v2\/categories?post=430929"},{"taxonomy":"post_tag","embeddable":true,"href":"https:\/\/www.europesays.com\/fr\/wp-json\/wp\/v2\/tags?post=430929"}],"curies":[{"name":"wp","href":"https:\/\/api.w.org\/{rel}","templated":true}]}}