{"id":430931,"date":"2025-10-01T10:52:14","date_gmt":"2025-10-01T10:52:14","guid":{"rendered":"https:\/\/www.europesays.com\/fr\/430931\/"},"modified":"2025-10-01T10:52:14","modified_gmt":"2025-10-01T10:52:14","slug":"delphine-ma-deja-dit-quelle-avait-honte-de-lui-temoigne-lune-des-meilleures-amies-de-linfirmiere-disparue","status":"publish","type":"post","link":"https:\/\/www.europesays.com\/fr\/430931\/","title":{"rendered":"\u00ab\u00a0Delphine m&rsquo;a d\u00e9j\u00e0 dit qu&rsquo;elle avait honte de lui\u00a0\u00bb, t\u00e9moigne l\u2019une des meilleures amies de l&rsquo;infirmi\u00e8re disparue"},"content":{"rendered":"<p>La septi\u00e8me journ\u00e9e d&rsquo;audience du <a href=\"https:\/\/www.franceinfo.fr\/faits-divers\/disparition-de-delphine-jubillar\/je-me-suis-vu-dans-un-film-au-proces-de-cedric-jubillar-un-enregistrement-de-l-accuse-surgit-a-l-audience-et-seme-le-trouble_7523638.html\" rel=\"nofollow noopener\" target=\"_blank\">proc\u00e8s de C\u00e9dric Jubillar<\/a> s&rsquo;est ouverte, mercredi 1er octobre, aux assises du Tarn. Elle doit \u00eatre consacr\u00e9e \u00e0 la vie de Delphine Aussaguel, <a href=\"https:\/\/www.franceinfo.fr\/faits-divers\/disparition-de-delphine-jubillar\/entretien-affaire-jubillar-le-crime-parfait-existe-t-il-on-a-pose-la-question-a-une-experte_7510981.html\" rel=\"nofollow noopener\" target=\"_blank\">disparue en d\u00e9cembre 2020<\/a>, et que son \u00e9poux est accus\u00e9 d&rsquo;avoir tu\u00e9e. La jeune femme, disparue \u00e0 33 ans dans la nuit du 15 au 16 d\u00e9cembre 2020 \u00e0 Cagnac-les-Mines, travaillait en tant qu&rsquo;infirmi\u00e8re de nuit \u00e0 la clinique Claude-Bernard d&rsquo;Albi et nourrissait une vie sociale notamment centr\u00e9e autour de l&rsquo;\u00e9cole de son fils Louis. Le verdict est attendu le 17 octobre, au terme de quatre semaines de proc\u00e8s. Suivez notre direct.<\/p>\n<p class=\"c-body__bullet\"><strong> Un d\u00e9part \u00ab\u00a0impensable\u00a0\u00bb pour sa famille.<\/strong> Les trois magistrats et les jur\u00e9s <a href=\"https:\/\/www.franceinfo.fr\/replay-radio\/affaire-jubillar-le-proces-d-une-disparition\/proces-jubillar-l-accuse-face-a-la-soeur-et-aux-freres-de-delphine-jubillar_7524895.html\" rel=\"nofollow noopener\" target=\"_blank\">ont entendu mardi la s\u0153ur et les fr\u00e8res<\/a> de Delphine Jubillar-Aussaguel, ainsi que ses cousines, tante et oncle qui, unanimes de chagrin \u00e0 la barre, ont d\u00e9crit une personnalit\u00e9 rayonnante, \u00ab\u00a0pilier\u00a0\u00bb de la famille. \u00ab\u00a0Elle \u00e9tait tout pour nous, elle \u00e9tait comme une fille\u00a0\u00bb, a notamment souffl\u00e9 sa tante maternelle.<\/p>\n<p class=\"c-body__bullet\"><strong> C\u00e9dric Jubillar clame son innocence.<\/strong> Veste noire et barbe de trois jours, C\u00e9dric Jubillar s&rsquo;est exprim\u00e9 mardi : \u00ab\u00a0Je l&rsquo;aimais, j&rsquo;\u00e9tais amoureux d&rsquo;elle (&#8230;) et apr\u00e8s on s&rsquo;est perdus\u00a0\u00bb, a-t-il d\u00e9clar\u00e9, situant le moment de la fracture \u00ab\u00a0\u00e0 partir du moment o\u00f9 elle a demand\u00e9 le divorce\u00a0\u00bb. \u00ab\u00a0Moi je lui ai rien fait \u00e0 Delphine\u00a0\u00bb, a encore d\u00e9clar\u00e9 l&rsquo;accus\u00e9 \u00e0 la barre.<\/p>\n<p class=\"c-body__bullet\"><strong> Des analyses ADN non concluantes.<\/strong> Mardi matin, une experte en analyse d&#8217;empreintes g\u00e9n\u00e9tiques a t\u00e9moign\u00e9 devant la cour d&rsquo;assises \u00e0 propos des nombreuses traces d&rsquo;ADN pr\u00e9lev\u00e9es lors de l&rsquo;enqu\u00eate. Diverses traces de sperme et d&rsquo;enzymes pouvant r\u00e9v\u00e9ler la pr\u00e9sence de salive ont \u00e9t\u00e9 d\u00e9couvertes, ainsi que des micro-traces de sang, sans fournir de preuve ind\u00e9niable de l&rsquo;implication de C\u00e9dric Jubillar.<\/p>\n","protected":false},"excerpt":{"rendered":"La septi\u00e8me journ\u00e9e d&rsquo;audience du proc\u00e8s de C\u00e9dric Jubillar s&rsquo;est ouverte, mercredi 1er octobre, aux assises du Tarn.&hellip;\n","protected":false},"author":2,"featured_media":430932,"comment_status":"","ping_status":"","sticky":false,"template":"","format":"standard","meta":{"footnotes":""},"categories":[1888],"tags":[1111,1928,11,1927,1777,674,1011,27,12,1926,626,1925,25],"class_list":{"0":"post-430931","1":"post","2":"type-post","3":"status-publish","4":"format-standard","5":"has-post-thumbnail","7":"category-paris","8":"tag-actu","9":"tag-actu-paris","10":"tag-actualites","11":"tag-actualites-paris","12":"tag-eu","13":"tag-europe","14":"tag-fr","15":"tag-france","16":"tag-news","17":"tag-news-paris","18":"tag-paris","19":"tag-paris-news","20":"tag-republique-francaise"},"share_on_mastodon":{"url":"https:\/\/pubeurope.com\/@fr\/115298536245269629","error":""},"_links":{"self":[{"href":"https:\/\/www.europesays.com\/fr\/wp-json\/wp\/v2\/posts\/430931","targetHints":{"allow":["GET"]}}],"collection":[{"href":"https:\/\/www.europesays.com\/fr\/wp-json\/wp\/v2\/posts"}],"about":[{"href":"https:\/\/www.europesays.com\/fr\/wp-json\/wp\/v2\/types\/post"}],"author":[{"embeddable":true,"href":"https:\/\/www.europesays.com\/fr\/wp-json\/wp\/v2\/users\/2"}],"replies":[{"embeddable":true,"href":"https:\/\/www.europesays.com\/fr\/wp-json\/wp\/v2\/comments?post=430931"}],"version-history":[{"count":0,"href":"https:\/\/www.europesays.com\/fr\/wp-json\/wp\/v2\/posts\/430931\/revisions"}],"wp:featuredmedia":[{"embeddable":true,"href":"https:\/\/www.europesays.com\/fr\/wp-json\/wp\/v2\/media\/430932"}],"wp:attachment":[{"href":"https:\/\/www.europesays.com\/fr\/wp-json\/wp\/v2\/media?parent=430931"}],"wp:term":[{"taxonomy":"category","embeddable":true,"href":"https:\/\/www.europesays.com\/fr\/wp-json\/wp\/v2\/categories?post=430931"},{"taxonomy":"post_tag","embeddable":true,"href":"https:\/\/www.europesays.com\/fr\/wp-json\/wp\/v2\/tags?post=430931"}],"curies":[{"name":"wp","href":"https:\/\/api.w.org\/{rel}","templated":true}]}}