{"id":430939,"date":"2025-10-01T10:56:16","date_gmt":"2025-10-01T10:56:16","guid":{"rendered":"https:\/\/www.europesays.com\/fr\/430939\/"},"modified":"2025-10-01T10:56:16","modified_gmt":"2025-10-01T10:56:16","slug":"explosion-a-munich-petrolier-fantome-russe-au-large-de-saint-nazaire-christian-tein-autorise-a-retourner-en-nouvelle-caledonie-les-3-infos-a-retenir-a-la-mi-journee","status":"publish","type":"post","link":"https:\/\/www.europesays.com\/fr\/430939\/","title":{"rendered":"Explosion \u00e0 Munich, p\u00e9trolier fant\u00f4me russe au large de Saint-Nazaire, Christian Tein autoris\u00e9 \u00e0 retourner en Nouvelle-Cal\u00e9donie&#8230; Les 3 infos \u00e0 retenir \u00e0 la mi-journ\u00e9e"},"content":{"rendered":"<p><strong>LE POINT DE MIDI &#8211;<\/strong> Retrouvez l\u2019essentiel de l\u2019actualit\u00e9 parue ce mercredi 1er octobre au matin sur notre site.<\/p>\n<p>Munich\u00a0: un mort apr\u00e8s un incendie, la f\u00eate de la bi\u00e8re ferm\u00e9e en raison d\u2019une alerte \u00e0 la bombe<\/p>\n<p class=\"fig-paragraph\"><a href=\"http:\/\/www.lefigaro.fr\/international\/allemagne-au-moins-un-blesse-grave-dans-une-explosion-a-munich-la-fete-de-la-biere-suspendue-20251001\" data-fig-type=\"NewsFlash\" data-gtm-custom-categorie=\"navigation\" data-gtm-custom-action=\"crossclick\" data-gtm-custom-label=\"Contextuel\" data-gtm-event=\"customEventSPE\" data-fig-domain=\"LEFIGARO\" rel=\"nofollow noopener\" target=\"_blank\">La c\u00e9l\u00e8bre f\u00eate de la bi\u00e8re \u00e0 Munich<\/a>, dans le sud de l\u2019Allemagne, a \u00e9t\u00e9 provisoirement ferm\u00e9e mercredi, apr\u00e8s un incendie suivi d\u2019une explosion dans le nord de la ville qui ont fait au moins un mort, a indiqu\u00e9 la police. Cette derni\u00e8re a ajout\u00e9 que des engins explosifs avaient \u00e9t\u00e9 d\u00e9couverts dans un immeuble r\u00e9sidentiel du nord de Munich o\u00f9 l\u2019incident s\u2019est produit, et qu\u2019elle enqu\u00eatait sur un \u00e9ventuel lien avec F\u00eate de la bi\u00e8re qui se tient pr\u00e8s du centre de la capitale bavaroise.<\/p>\n<p>    Un mort apr\u00e8s un incendie \u00e0 Munich<br \/>\n                Christine Uyanik \/ REUTERS<\/p>\n<p>Un p\u00e9trolier de la flotte fant\u00f4me russe rep\u00e9r\u00e9 au large de Saint-Nazaire, sur fond d\u2019enqu\u00eate au Danemark<\/p>\n<p class=\"fig-paragraph\">Un imposant p\u00e9trolier de 244 m\u00e8tres, le\u00a0Boracay,\u00e9galement connu sous les noms de\u00a0Pushpa\u00a0ou\u00a0Kiwala, est depuis plusieurs jours\u00a0<a href=\"http:\/\/www.lefigaro.fr\/international\/un-petrolier-de-la-flotte-fantome-russe-repere-au-large-de-saint-nazaire-sur-fond-d-enquete-au-danemark-20251001\" data-fig-type=\"NewsFlash\" data-gtm-custom-categorie=\"navigation\" data-gtm-custom-action=\"crossclick\" data-gtm-custom-label=\"Contextuel\" data-gtm-event=\"customEventSPE\" data-fig-domain=\"LEFIGARO\" rel=\"nofollow noopener\" target=\"_blank\">\u00e0 l\u2019ancre pr\u00e8s des eaux territoriales fran\u00e7aises<\/a>, au large du parc \u00e9olien de Saint-Nazaire (Loire-Atlantique). Parti du\u00a0port russe\u00a0de Primorsk, pr\u00e8s de Saint-P\u00e9tersbourg, le 20 septembre, le navire est d\u00e9sormais au centre d\u2019une enqu\u00eate ouverte par le parquet de Brest, rapporte Reuters. Le nom du\u00a0Boracay\u00a0appara\u00eet aussi dans une enqu\u00eate men\u00e9e par les autorit\u00e9s danoises apr\u00e8s une s\u00e9rie d\u2019incidents survenus entre le 22 et le 25 septembre, selon B.T, un quotidien danois. Plusieurs\u00a0a\u00e9roports, dont ceux de Copenhague et d\u2019Aalborg, ont \u00e9t\u00e9 contraints de fermer temporairement leur espace a\u00e9rien en raison de survols de drones non identifi\u00e9s.<\/p>\n<p>    P\u00e9trolier du port de Saint-P\u00e9tersbourg, le Pushpa est parti de Russie le 20 septembre (illustration).<br \/>\n                OLGA MALTSEVA \/ AFP<\/p>\n<p><strong>Nouvelle-Cal\u00e9donie\u00a0: la justice autorise le leader ind\u00e9pendantiste kanak Christian Tein \u00e0 retourner sur le caillou<\/strong><\/p>\n<p>    <strong>Christian Tein<\/strong><br \/>\n                GABRIEL BOUYS \/ AFP<\/p>\n<p>                                    <a class=\"fig-a11y-skip a11y-hidden\" href=\"#fig-a11y-skip-main-inarticle\"><br \/>\n        Passer la publicit\u00e9<br \/>\n    <\/a><\/p>\n<p class=\"fig-paragraph\">La justice parisienne a autoris\u00e9<a href=\"http:\/\/www.lefigaro.fr\/actualite-france\/nouvelle-caledonie-la-justice-autorise-le-leader-independantiste-kanak-christian-tein-a-retourner-sur-le-caillou-20251001\" data-fig-type=\"NewsFlash\" data-gtm-custom-categorie=\"navigation\" data-gtm-custom-action=\"crossclick\" data-gtm-custom-label=\"Contextuel\" data-gtm-event=\"customEventSPE\" data-fig-domain=\"LEFIGARO\" rel=\"nofollow noopener\" target=\"_blank\">\u00a0le leader ind\u00e9pendantiste kanak\u00a0Christian Tein<\/a>, mis en examen dans l\u2019enqu\u00eate sur les\u00a0\u00e9meutes mortelles de mai 2024, \u00e0 retourner en\u00a0Nouvelle-Cal\u00e9donie, a appris l\u2019AFP de source proche du dossier mercredi. Selon cette source, confirmant des informations de la cha\u00eene NC La 1\u00e8re, cette modification du contr\u00f4le judiciaire concerne \u00e9galement d\u2019autres chefs de file ind\u00e9pendantistes mis en cause pour ces \u00e9meutes, qui avaient fait 14 morts. De m\u00eame source, Christian Tein, 57 ans, va rester pour l\u2019instant en m\u00e9tropole et d\u00e9cidera \u00e9ventuellement de rentrer en Nouvelle-Cal\u00e9donie apr\u00e8s l\u2019expiration du d\u00e9lai d\u2019appel de la d\u00e9cision pour le parquet de Paris, vendredi.<\/p>\n<p>Le chiffre du jour\u00a0: 13<\/p>\n<p class=\"fig-paragraph\">Le nombre de titres remport\u00e9s par Ga\u00ebl Monfils sur le circuit ATP, depuis ses d\u00e9buts en 2004. Le Fran\u00e7ais a annonc\u00e9 ce mercredi qu\u2019il prendra sa retraite \u00e0 la fin de la saison 2026.<\/p>\n<p class=\"fig-body-cta-link\" data-module=\"fig-cta-link\" data-context=\"was @visible\">\n    <a class=\"fig-body-cta-link__link\" href=\"https:\/\/www.lefigaro.fr\/sports\/tennis\/tennis-gael-monfils-annonce-sa-retraite-20251001\" target=\"_self\" rel=\"follow nofollow noopener\" data-js-gtm=\"{&quot;event&quot;:&quot;customEventGA4&quot;,&quot;eventName&quot;:&quot;click_navigation&quot;,&quot;button_action&quot;:&quot;crossclick&quot;,&quot;feature&quot;:&quot;Contextuel_bouton&quot;,&quot;feature_details&quot;:&quot;NOTRE ARTICLE&quot;,&quot;link_url&quot;:&quot;https:\\\/\\\/www.lefigaro.fr\\\/sports\\\/tennis\\\/tennis-gael-monfils-annonce-sa-retraite-20251001&quot;}\"><br \/>\n                NOTRE ARTICLE<br \/>\n    <\/a>\n<\/p>\n<p>Notre entretien du jour\u00a0:<\/p>\n<blockquote class=\"fig-quote&#10;    \">\n<p class=\"fig-quote__text\">Le plan Trump est un fil t\u00e9nu qu\u2019il faut tirer<\/p>\n<p>            Hubert V\u00e9drine\n    <\/p><\/blockquote>\n<p class=\"fig-paragraph\">Donald Trump a pr\u00e9sent\u00e9 ce lundi soir \u00e0 Washington son plan de paix \u00e0 Gaza. L\u2019ancien ministre des Affaires \u00e9trang\u00e8res estime que la France doit s\u2019engouffrer dans la dynamique am\u00e9ricaine.<\/p>\n<p class=\"fig-body-cta-link\" data-module=\"fig-cta-link\" data-context=\"was @visible\">\n    <a class=\"fig-body-cta-link__link\" href=\"https:\/\/www.lefigaro.fr\/vox\/monde\/hubert-vedrine-le-plan-trump-est-un-fil-tenu-qu-il-faut-tirer-20251001\" target=\"_self\" rel=\"follow nofollow noopener\" data-js-gtm=\"{&quot;event&quot;:&quot;customEventGA4&quot;,&quot;eventName&quot;:&quot;click_navigation&quot;,&quot;button_action&quot;:&quot;crossclick&quot;,&quot;feature&quot;:&quot;Contextuel_bouton&quot;,&quot;feature_details&quot;:&quot;NOTRE ENTRETIEN&quot;,&quot;link_url&quot;:&quot;https:\\\/\\\/www.lefigaro.fr\\\/vox\\\/monde\\\/hubert-vedrine-le-plan-trump-est-un-fil-tenu-qu-il-faut-tirer-20251001&quot;}\"><br \/>\n                NOTRE ENTRETIEN<br \/>\n    <\/a>\n<\/p>\n<p>La photo \u00e0 retenir<\/p>\n<p>    Un gigantesque projet hybride de 1 Gigawatt prend forme au Xinjiang, en Chine. La r\u00e9gion devient ainsi un p\u00f4le majeur du d\u00e9veloppement des nouvelles \u00e9nergies \u00e0 grande \u00e9chelle.<br \/>\n                Wang Fei\/Maxppp<\/p>\n<p>La vid\u00e9o du jour<\/p>\n","protected":false},"excerpt":{"rendered":"LE POINT DE MIDI &#8211; Retrouvez l\u2019essentiel de l\u2019actualit\u00e9 parue ce mercredi 1er octobre au matin sur notre&hellip;\n","protected":false},"author":2,"featured_media":430940,"comment_status":"","ping_status":"","sticky":false,"template":"","format":"standard","meta":{"footnotes":""},"categories":[1591],"tags":[11,672,1887,12,23874,1885,1886,132],"class_list":{"0":"post-430939","1":"post","2":"type-post","3":"status-publish","4":"format-standard","5":"has-post-thumbnail","7":"category-russie","8":"tag-actualites","9":"tag-allemagne","10":"tag-federation-de-russie","11":"tag-news","12":"tag-nouvelle-caledonie","13":"tag-russia","14":"tag-russian-federation","15":"tag-russie"},"share_on_mastodon":{"url":"https:\/\/pubeurope.com\/@fr\/115298552114877678","error":""},"_links":{"self":[{"href":"https:\/\/www.europesays.com\/fr\/wp-json\/wp\/v2\/posts\/430939","targetHints":{"allow":["GET"]}}],"collection":[{"href":"https:\/\/www.europesays.com\/fr\/wp-json\/wp\/v2\/posts"}],"about":[{"href":"https:\/\/www.europesays.com\/fr\/wp-json\/wp\/v2\/types\/post"}],"author":[{"embeddable":true,"href":"https:\/\/www.europesays.com\/fr\/wp-json\/wp\/v2\/users\/2"}],"replies":[{"embeddable":true,"href":"https:\/\/www.europesays.com\/fr\/wp-json\/wp\/v2\/comments?post=430939"}],"version-history":[{"count":0,"href":"https:\/\/www.europesays.com\/fr\/wp-json\/wp\/v2\/posts\/430939\/revisions"}],"wp:featuredmedia":[{"embeddable":true,"href":"https:\/\/www.europesays.com\/fr\/wp-json\/wp\/v2\/media\/430940"}],"wp:attachment":[{"href":"https:\/\/www.europesays.com\/fr\/wp-json\/wp\/v2\/media?parent=430939"}],"wp:term":[{"taxonomy":"category","embeddable":true,"href":"https:\/\/www.europesays.com\/fr\/wp-json\/wp\/v2\/categories?post=430939"},{"taxonomy":"post_tag","embeddable":true,"href":"https:\/\/www.europesays.com\/fr\/wp-json\/wp\/v2\/tags?post=430939"}],"curies":[{"name":"wp","href":"https:\/\/api.w.org\/{rel}","templated":true}]}}