{"id":430945,"date":"2025-10-01T10:59:11","date_gmt":"2025-10-01T10:59:11","guid":{"rendered":"https:\/\/www.europesays.com\/fr\/430945\/"},"modified":"2025-10-01T10:59:11","modified_gmt":"2025-10-01T10:59:11","slug":"la-carte-didentite-numerique-ce-debat-qui-enflamme-le-royaume-uni-et-risque-dembraser-bientot-lue","status":"publish","type":"post","link":"https:\/\/www.europesays.com\/fr\/430945\/","title":{"rendered":"\u00abLa carte d\u2019identit\u00e9 num\u00e9rique, ce d\u00e9bat qui enflamme le Royaume-Uni et risque d\u2019embraser bient\u00f4t l\u2019UE\u00bb"},"content":{"rendered":"<p><strong>FIGAROVOX\/TRIBUNE &#8211; <\/strong>Le premier ministre britannique Keir Starmer a annonc\u00e9 la mise en place d\u2019une carte d\u2019identit\u00e9 num\u00e9rique afin de lutter contre le travail ill\u00e9gal et l\u2019immigration. Pour Cyrille Dalmont, directeur de recherche \u00e0 l\u2019Institut Thomas More, ce projet controvers\u00e9 annonce une nouvelle confrontation explosive entre peuples et \u00e9lites.<\/p>\n<p class=\"fig-paragraph\">Cyrille Dalmont est sp\u00e9cialiste des enjeux \u00e9thiques du num\u00e9rique et directeur de recherche \u00e0 l\u2019Institut Thomas More.<\/p>\n<p class=\"fig-paragraph\">Le Royaume-Uni est en \u00e9bullition. Depuis plusieurs mois, deux visions politiques s\u2019affrontent brutalement\u00a0: la majorit\u00e9 labour, et \u00ab progressiste\u00a0\u00bb conduite par\u00a0<a href=\"http:\/\/www.lefigaro.fr\/international\/keir-starmer-appelle-a-l-unite-pour-combattre-l-huile-de-serpent-du-parti-reform-uk-de-nigel-farage-20250930\" data-fig-type=\"Article\" data-gtm-custom-categorie=\"navigation\" data-gtm-custom-action=\"crossclick\" data-gtm-custom-label=\"Contextuel\" data-gtm-event=\"customEventSPE\" data-fig-domain=\"LEFIGARO\" target=\"_blank\" rel=\"noopener\">le premier ministre Keir Starmer<\/a>\u00a0et la droite populiste souverainiste Middle Britain. L\u2019opposition ne porte pas sur la fiscalit\u00e9 ou le social mais sur l\u2019identit\u00e9 m\u00eame du pays. Les manifestations Raise the Colours et, surtout, le grand rassemblement Unite the Kingdom du 13 septembre dernier rassemblant entre 100.000 (selon la police) et 3 millions de participants (d\u2019apr\u00e8s les organisateurs) ont marqu\u00e9 un basculement.<\/p>\n<p class=\"fig-paragraph\">La crise est ensuite devenue transatlantique lorsque JD Vance, vice-pr\u00e9sident des \u00c9tats-Unis, a critiqu\u00e9 publiquement la d\u00e9rive britannique en mati\u00e8re de libert\u00e9 d\u2019expression et d\u2019immigration, imm\u00e9diatement relay\u00e9 par Elon Musk. \u00c0 l\u2019ONU, c\u2019est\u00a0<a href=\"http:\/\/www.lefigaro.fr\/secteur\/high-tech\/dossier\/donald-trump-et-l-univers-des-cryptomonnaies\" data-fig-type=\"Topic\" data-gtm-custom-categorie=\"navigation\" data-gtm-custom-action=\"crossclick\" data-gtm-custom-label=\"Contextuel\" data-gtm-event=\"customEventSPE\" data-fig-domain=\"LEFIGARO\" target=\"_blank\" rel=\"noopener\">Donald Trump<\/a>\u00a0qui a enfonc\u00e9 le clou sur les politiques\u2026<\/p>\n<p class=\"fig-premium-paywall__infos\">\n        Cet article est r\u00e9serv\u00e9 aux abonn\u00e9s.        Il vous reste 87% \u00e0 d\u00e9couvrir.\n    <\/p>\n<p>                <img  data- alt=\"Le Figaro\" class=\"fig-img--complete fig-img\"\/><\/p>\n<p class=\"fig-premium-paywall__title\">Vous avez envie de lire la suite ?<\/p>\n<p class=\"fig-premium-paywall__subtitle\">D\u00e9bloquez tous les articles imm\u00e9diatement.<\/p>\n<p class=\"fig-premium-paywall__connect\">\n                D\u00e9j\u00e0 abonn\u00e9\u00a0?                <a class=\"fig-premium-paywall__connect-link\" href=\"https:\/\/connect.lefigaro.fr\/login?client=horizon_web&amp;type=main&amp;redirect_uri=https%3A%2F%2Fwww.lefigaro.fr%2Fvox%2Fpolitique%2Fla-carte-d-identite-numerique-ce-debat-qui-enflamme-le-royaume-uni-et-risque-d-arriver-bientot-dans-l-ue-20251001\" data-js-gtm=\"{&quot;customCategorie&quot;: &quot;conversion&quot;, &quot;customAction&quot;: &quot;before_Landing_Connexion_paywall_auto&quot;, &quot;customLabel&quot;: &quot;bGVmaWdhcm8uZnJfXzFmMDllMTA0LWIyZTctNjgwNC1iOTM2LTJiNDcyZGVhOWU5Zl9fQXJ0aWNsZQ==_\u00abLa carte d\u2019identit\u00e9 num\u00e9rique, ce d\u00e9bat qui enflamme le Royaume-Uni et risque d\u2019embraser bient\u00f4t l\u2019UE\u00bb_294&quot;, &quot;customIDSPE&quot;: &quot;bGVmaWdhcm8uZnJfXzFmMDllMTA0LWIyZTctNjgwNC1iOTM2LTJiNDcyZGVhOWU5Zl9fQXJ0aWNsZQ==&quot;, &quot;event&quot;: &quot;customEventSPE&quot;}\" target=\"_blank\" rel=\"noopener\"><br \/>\n                    Connectez-vous<br \/>\n                <\/a>\n            <\/p>\n","protected":false},"excerpt":{"rendered":"FIGAROVOX\/TRIBUNE &#8211; Le premier ministre britannique Keir Starmer a annonc\u00e9 la mise en place d\u2019une carte d\u2019identit\u00e9 num\u00e9rique&hellip;\n","protected":false},"author":2,"featured_media":430946,"comment_status":"","ping_status":"","sticky":false,"template":"","format":"standard","meta":{"footnotes":""},"categories":[1588],"tags":[11,1777,674,55918,1061,2581,12,473,1853,1851,1850,1852],"class_list":{"0":"post-430945","1":"post","2":"type-post","3":"status-publish","4":"format-standard","5":"has-post-thumbnail","7":"category-royaume-uni","8":"tag-actualites","9":"tag-eu","10":"tag-europe","11":"tag-identite-numerique","12":"tag-immigration","13":"tag-keir-starmer","14":"tag-news","15":"tag-royaume-uni","16":"tag-royaume-uni-de-grande-bretagne-et-dirlande-du-nord","17":"tag-uk","18":"tag-united-kingdom","19":"tag-united-kingdom-of-great-britain-and-northern-ireland"},"share_on_mastodon":{"url":"https:\/\/pubeurope.com\/@fr\/115298563774961460","error":""},"_links":{"self":[{"href":"https:\/\/www.europesays.com\/fr\/wp-json\/wp\/v2\/posts\/430945","targetHints":{"allow":["GET"]}}],"collection":[{"href":"https:\/\/www.europesays.com\/fr\/wp-json\/wp\/v2\/posts"}],"about":[{"href":"https:\/\/www.europesays.com\/fr\/wp-json\/wp\/v2\/types\/post"}],"author":[{"embeddable":true,"href":"https:\/\/www.europesays.com\/fr\/wp-json\/wp\/v2\/users\/2"}],"replies":[{"embeddable":true,"href":"https:\/\/www.europesays.com\/fr\/wp-json\/wp\/v2\/comments?post=430945"}],"version-history":[{"count":0,"href":"https:\/\/www.europesays.com\/fr\/wp-json\/wp\/v2\/posts\/430945\/revisions"}],"wp:featuredmedia":[{"embeddable":true,"href":"https:\/\/www.europesays.com\/fr\/wp-json\/wp\/v2\/media\/430946"}],"wp:attachment":[{"href":"https:\/\/www.europesays.com\/fr\/wp-json\/wp\/v2\/media?parent=430945"}],"wp:term":[{"taxonomy":"category","embeddable":true,"href":"https:\/\/www.europesays.com\/fr\/wp-json\/wp\/v2\/categories?post=430945"},{"taxonomy":"post_tag","embeddable":true,"href":"https:\/\/www.europesays.com\/fr\/wp-json\/wp\/v2\/tags?post=430945"}],"curies":[{"name":"wp","href":"https:\/\/api.w.org\/{rel}","templated":true}]}}