{"id":430965,"date":"2025-10-01T11:12:14","date_gmt":"2025-10-01T11:12:14","guid":{"rendered":"https:\/\/www.europesays.com\/fr\/430965\/"},"modified":"2025-10-01T11:12:14","modified_gmt":"2025-10-01T11:12:14","slug":"les-joueurs-sont-forces-duser-de-leur-droit-de-retrait-le-syndicat-des-joueurs-soutient-les-grenoblois-dans-leur-greve","status":"publish","type":"post","link":"https:\/\/www.europesays.com\/fr\/430965\/","title":{"rendered":"\u00abLes joueurs sont forc\u00e9s d\u2019user de leur droit de retrait\u00bb, le syndicat des joueurs soutient les Grenoblois dans leur gr\u00e8ve"},"content":{"rendered":"<p>La mise \u00e0 pied de l\u2019entra\u00eeneur des arri\u00e8res is\u00e9rois a d\u00e9clench\u00e9 une fronde de l\u2019\u00e9quipe professionnelle du FCG. Une d\u00e9marche soutenue par Provale.<\/p>\n<p class=\"fig-paragraph\">La situation au\u00a0<a href=\"http:\/\/www.lefigaro.fr\/sports\/rugby\/pro-d2-les-joueurs-de-grenoble-refusent-de-s-entrainer-et-menacent-de-faire-greve-20250930\" data-fig-type=\"NewsFlash\" data-gtm-custom-categorie=\"navigation\" data-gtm-custom-action=\"crossclick\" data-gtm-custom-label=\"Contextuel\" data-gtm-event=\"customEventSPE\" data-fig-domain=\"LEFIGARO\" target=\"_blank\" rel=\"noopener\">FC Grenoble<\/a>\u00a0devient intenable. Mardi, l\u2019entra\u00eeneur des arri\u00e8res du club is\u00e9rois, Nicolas Nadau, avait \u00e9t\u00e9 mis \u00e0 pied \u00e0 titre conservatoire par son pr\u00e9sident Patrick Goffi. Le technicien avait fait l\u2019objet d\u2019un rapport officiel du m\u00e9decin officiel du match\u00a0<a href=\"http:\/\/www.lefigaro.fr\/sports\/rugby\/pro-d2-colomiers-reprend-la-premiere-place-le-choc-pour-brive-20250926\" target=\"_blank\" data-fig-type=\"NewsFlash\" rel=\"noopener\" data-gtm-custom-categorie=\"navigation\" data-gtm-custom-action=\"crossclick\" data-gtm-custom-label=\"Contextuel\" data-gtm-event=\"customEventSPE\" data-fig-domain=\"LEFIGARO\">entre le FCG et le CA Brive<\/a>\u00a0vendredi dernier (d\u00e9faite 24-21) pour avoir tenu des propos virulents \u00e0 l\u2019encontre de son staff m\u00e9dical. Une sanction qui n\u2019\u00e9tait pas pass\u00e9e aupr\u00e8s des joueurs, qui avaient refus\u00e9 de s\u2019entra\u00eener mardi matin et qui mena\u00e7aient de faire gr\u00e8ve vendredi \u00e0 l\u2019occasion de la r\u00e9ception de Provence Rugby, dans le cadre de la 6e journ\u00e9e de Pro D2.<\/p>\n<p class=\"fig-paragraph\">Ce mercredi, Provale, le syndicat des joueurs professionnels, a confirm\u00e9 dans un communiqu\u00e9, par la voix de son pr\u00e9sident Malik Hamadache, l\u2019impasse dans laquelle se trouve le FCG. \u00abDepuis plusieurs mois, les joueurs du FC Grenoble, \u00e9voluent dans une atmosph\u00e8re de travail qui ne nous semble pas conforme aux valeurs fondamentales du rugby ni aux standards professionnels attendus au sein d\u2019un club de haut niveau\u00bb, d\u00e9plore Provale, qui ajoute\u00a0: \u00abAujourd\u2019hui (mardi), en accord avec les joueurs, nous estimons qu\u2019il en va de notre responsabilit\u00e9 de prendre la parole et d\u2019agir afin que la situation au sein du club se normalise, et que les joueurs puissent b\u00e9n\u00e9ficier des conditions ad\u00e9quates pour performer sur le terrain.\u00bb<\/p>\n<p>                                    <a class=\"fig-a11y-skip a11y-hidden\" href=\"#fig-a11y-skip-main-inarticle\"><br \/>\n        Passer la publicit\u00e9<br \/>\n    <\/a><\/p>\n<p>\u00abUn manque de respect r\u00e9p\u00e9t\u00e9 envers les professionnels qui composent notre \u00e9quipe et le staff technique\u00bb<\/p>\n<p class=\"fig-paragraph\">Et d\u2019ajouter\u00a0: \u00abPar cons\u00e9quent, nous souhaitons informer publiquement que les joueurs ne sont pas en mesure de participer aux entra\u00eenements collectifs \u00e0 compter de ce jour (mardi). Il est important de pr\u00e9ciser que cette d\u00e9cision ne constitue pas une caution des propos ou actes de M. Nicolas Nadau. Mais les joueurs tiennent \u00e0 exprimer leur d\u00e9saccord profond avec la mani\u00e8re dont le club g\u00e8re cet \u00e9v\u00e9nement (&#8230;). Il s\u2019agit d\u2019un symbole important qui r\u00e9v\u00e8le l\u2019atmosph\u00e8re dans laquelle ils \u00e9voluent. En l\u2019absence de ce membre important du staff, nous avons constat\u00e9 que les conditions ne sont pas r\u00e9unies pour assurer le bon d\u00e9roulement des s\u00e9ances d\u2019entra\u00eenement. Cette situation compromet la s\u00e9curit\u00e9 des joueurs, car l\u2019encadrement minimal pr\u00e9vu par les diff\u00e9rents r\u00e8glements n\u2019est pas respect\u00e9.\u00bb<\/p>\n<p class=\"fig-paragraph\">Malik Hamadache et Provale demandent donc que \u00abdes changements importants soient enclench\u00e9s et en particulier concernant\u00a0: les m\u00e9thodes de management qui mettent en difficult\u00e9 le staff et les joueurs, un manque de respect r\u00e9p\u00e9t\u00e9 envers les professionnels qui composent notre \u00e9quipe et le staff technique, un environnement de travail qui ne garantit ni s\u00e9curit\u00e9, ni s\u00e9r\u00e9nit\u00e9, ni conditions favorables \u00e0 la performance.\u00bb Et le syndicat des joueurs de conclure\u00a0: \u00abDans ces conditions, les joueurs sont donc forc\u00e9s d\u2019user de leur droit de retrait. Nous esp\u00e9rons que cette situation pourra d\u00e9clencher un dialogue constructif entre les dirigeants du club, les joueurs et le staff, afin de restaurer un environnement respectueux et professionnel, indispensable \u00e0 la pratique de notre sport et au respect de leurs conditions de travail.\u00bb<\/p>\n","protected":false},"excerpt":{"rendered":"La mise \u00e0 pied de l\u2019entra\u00eeneur des arri\u00e8res is\u00e9rois a d\u00e9clench\u00e9 une fronde de l\u2019\u00e9quipe professionnelle du FCG.&hellip;\n","protected":false},"author":2,"featured_media":430966,"comment_status":"","ping_status":"","sticky":false,"template":"","format":"standard","meta":{"footnotes":""},"categories":[1412],"tags":[1451,1452,1453,1454,1455,1011,27,2731,2308,60,3427],"class_list":{"0":"post-430965","1":"post","2":"type-post","3":"status-publish","4":"format-standard","5":"has-post-thumbnail","7":"category-f1","8":"tag-f1","9":"tag-formula-1","10":"tag-formula1","11":"tag-formule-1","12":"tag-formule1","13":"tag-fr","14":"tag-france","15":"tag-grenoble","16":"tag-pro-d2","17":"tag-sports","18":"tag-syndicats"},"share_on_mastodon":{"url":"https:\/\/pubeurope.com\/@fr\/115298614901485666","error":""},"_links":{"self":[{"href":"https:\/\/www.europesays.com\/fr\/wp-json\/wp\/v2\/posts\/430965","targetHints":{"allow":["GET"]}}],"collection":[{"href":"https:\/\/www.europesays.com\/fr\/wp-json\/wp\/v2\/posts"}],"about":[{"href":"https:\/\/www.europesays.com\/fr\/wp-json\/wp\/v2\/types\/post"}],"author":[{"embeddable":true,"href":"https:\/\/www.europesays.com\/fr\/wp-json\/wp\/v2\/users\/2"}],"replies":[{"embeddable":true,"href":"https:\/\/www.europesays.com\/fr\/wp-json\/wp\/v2\/comments?post=430965"}],"version-history":[{"count":0,"href":"https:\/\/www.europesays.com\/fr\/wp-json\/wp\/v2\/posts\/430965\/revisions"}],"wp:featuredmedia":[{"embeddable":true,"href":"https:\/\/www.europesays.com\/fr\/wp-json\/wp\/v2\/media\/430966"}],"wp:attachment":[{"href":"https:\/\/www.europesays.com\/fr\/wp-json\/wp\/v2\/media?parent=430965"}],"wp:term":[{"taxonomy":"category","embeddable":true,"href":"https:\/\/www.europesays.com\/fr\/wp-json\/wp\/v2\/categories?post=430965"},{"taxonomy":"post_tag","embeddable":true,"href":"https:\/\/www.europesays.com\/fr\/wp-json\/wp\/v2\/tags?post=430965"}],"curies":[{"name":"wp","href":"https:\/\/api.w.org\/{rel}","templated":true}]}}