{"id":430975,"date":"2025-10-01T11:17:12","date_gmt":"2025-10-01T11:17:12","guid":{"rendered":"https:\/\/www.europesays.com\/fr\/430975\/"},"modified":"2025-10-01T11:17:12","modified_gmt":"2025-10-01T11:17:12","slug":"a-lire-en-librairie-bmw-un-siecle-dexcellence","status":"publish","type":"post","link":"https:\/\/www.europesays.com\/fr\/430975\/","title":{"rendered":"\u00c0 lire. En librairie\u00a0: BMW, un si\u00e8cle d\u2019excellence"},"content":{"rendered":"<p>De nombreuses photos. Pour le plaisir des yeux. Mais aussi des affiches, des Unes de journaux, des documents rares et, pour tous les mod\u00e8les pr\u00e9sent\u00e9es, une fiche technique. Rien n\u2019a \u00e9t\u00e9 laiss\u00e9 au hasard. Et surtout pas la plume \u00e0 qui a \u00e9t\u00e9 confi\u00e9e l\u2019\u00e9criture de cet ouvrage.<\/p>\n<p>R\u00e9dacteur pour le site d\u2019actualit\u00e9s automobiles <a href=\"https:\/\/www.autonews.com\/europe\/\" target=\"_blank\" rel=\"noopener\">Automotive News Europe<\/a>, Tony Lewin conna\u00eet les secrets de fabrication, les anecdotes et les grandes \u00e9tapes de l\u2019histoire de tous les constructeurs et, notamment, BMW. Dans ce superbe ouvrage \u2013 dont ont le secret les Editions Gl\u00e9nat \u2013, ce dernier retrace de mani\u00e8re chronologique l\u2019aventure de la marque allemande.<\/p>\n<p>Depuis les premi\u00e8res productions d\u2019un constructeur bavarois initialement sp\u00e9cialis\u00e9 dans les moteurs d\u2019aviation jusqu\u2019aux mod\u00e8les hybrides et \u00e9lectriques d\u2019aujourd\u2019hui et de demain. L\u2019occasion de (re)d\u00e9couvrir des mod\u00e8les tels que la l\u00e9gendaire R32 fiat twin, la premi\u00e8re moto de la marque sortie en 1923, les prestigieuses s\u00e9ries grand tourisme M ou la toute nouvelle i4, premi\u00e8re berline 100% \u00e9lectrique.<\/p>\n<p>  \u00ab\u00a0\u00c0 la hauteur de l&rsquo;excellence de la marque allemande\u00a0\u00bb<\/p>\n<p>Sans oublier les exploits d\u2019Hubert Auriol sur l\u2019\u00e9preuve moto du Paris-Dakar au guidon de la R80 G\/S, la pr\u00e9sence de la marque sur les circuits de Formule 1 et en rallyes ou encore la victoire aux 24 Heures du Mans en 1999 avec la l\u00e9gendaire BMW V12 LMR de 635 chevaux\u00a0!<\/p>\n<p>Fond\u00e9 en 1916, BMW fait partie des constructeurs les plus anciens et les plus respect\u00e9s du monde. Depuis plus d\u2019un si\u00e8cle, la marque a toujours privil\u00e9gi\u00e9 l\u2019innovation technique, consolidant ainsi sa r\u00e9putation mondiale de luxe, performance et design. Autant d\u2019\u00e9l\u00e9ments que Tony Lewin d\u00e9crypte dans ce livre \u00ab\u00a0\u00e0 la hauteur de l\u2019excellence de la marque allemande\u00a0\u00bb.<\/p>\n<p>BMW, un si\u00e8cle d\u2019excellence (3e \u00e9dition) de Tony Lewin, <a href=\"https:\/\/www.glenat.com\/\" target=\"_blank\" rel=\"noopener\">Gl\u00e9nat<\/a> (Collection Auto Moto Transports), 248 pages, 39,95 euros<\/p>\n","protected":false},"excerpt":{"rendered":"De nombreuses photos. Pour le plaisir des yeux. Mais aussi des affiches, des Unes de journaux, des documents&hellip;\n","protected":false},"author":2,"featured_media":430976,"comment_status":"","ping_status":"","sticky":false,"template":"","format":"standard","meta":{"footnotes":""},"categories":[1357],"tags":[1976,646,1379,1687,58,59,107,1701,1011,27,329,1380,2410,517,1947],"class_list":{"0":"post-430975","1":"post","2":"type-post","3":"status-publish","4":"format-standard","5":"has-post-thumbnail","7":"category-livres","8":"tag-auto-moto","9":"tag-automobile","10":"tag-books","11":"tag-culture-loisirs","12":"tag-divertissement","13":"tag-entertainment","14":"tag-fil-info","15":"tag-fil-info-sport","16":"tag-fr","17":"tag-france","18":"tag-france-monde","19":"tag-livres","20":"tag-livres-bd","21":"tag-sport","22":"tag-sport-national"},"share_on_mastodon":{"url":"https:\/\/pubeurope.com\/@fr\/115298634682986403","error":""},"_links":{"self":[{"href":"https:\/\/www.europesays.com\/fr\/wp-json\/wp\/v2\/posts\/430975","targetHints":{"allow":["GET"]}}],"collection":[{"href":"https:\/\/www.europesays.com\/fr\/wp-json\/wp\/v2\/posts"}],"about":[{"href":"https:\/\/www.europesays.com\/fr\/wp-json\/wp\/v2\/types\/post"}],"author":[{"embeddable":true,"href":"https:\/\/www.europesays.com\/fr\/wp-json\/wp\/v2\/users\/2"}],"replies":[{"embeddable":true,"href":"https:\/\/www.europesays.com\/fr\/wp-json\/wp\/v2\/comments?post=430975"}],"version-history":[{"count":0,"href":"https:\/\/www.europesays.com\/fr\/wp-json\/wp\/v2\/posts\/430975\/revisions"}],"wp:featuredmedia":[{"embeddable":true,"href":"https:\/\/www.europesays.com\/fr\/wp-json\/wp\/v2\/media\/430976"}],"wp:attachment":[{"href":"https:\/\/www.europesays.com\/fr\/wp-json\/wp\/v2\/media?parent=430975"}],"wp:term":[{"taxonomy":"category","embeddable":true,"href":"https:\/\/www.europesays.com\/fr\/wp-json\/wp\/v2\/categories?post=430975"},{"taxonomy":"post_tag","embeddable":true,"href":"https:\/\/www.europesays.com\/fr\/wp-json\/wp\/v2\/tags?post=430975"}],"curies":[{"name":"wp","href":"https:\/\/api.w.org\/{rel}","templated":true}]}}