{"id":430977,"date":"2025-10-01T11:18:12","date_gmt":"2025-10-01T11:18:12","guid":{"rendered":"https:\/\/www.europesays.com\/fr\/430977\/"},"modified":"2025-10-01T11:18:12","modified_gmt":"2025-10-01T11:18:12","slug":"on-a-revu-parker-lewis-ne-perd-jamais-sitcom-adolescente-des-annees-90-toujours-aussi-exuberante","status":"publish","type":"post","link":"https:\/\/www.europesays.com\/fr\/430977\/","title":{"rendered":"On a revu \u201cParker Lewis ne perd jamais\u201d, sitcom adolescente des ann\u00e9es 90\u00a0toujours aussi exub\u00e9rante"},"content":{"rendered":"\n<p class=\"article__chapeau\">La bande de lyc\u00e9ens rappelle ceux de \u201cLa Folle Journ\u00e9e de Ferris Bueller\u201d. Disponible en int\u00e9gralit\u00e9 sur Madelen, la plateforme de l\u2019INA, la s\u00e9rie r\u00e9jouit toujours, trente-cinq\u00a0ans apr\u00e8s sa naissance, par son insolente inventivit\u00e9.<\/p>\n<p>              <a href=\"https:\/\/www.europesays.com\/fr\/wp-content\/uploads\/2025\/10\/141aacf_upload-1-6s6aclube5ku-a-1990-1991-cpt-holdings-inc-all-rights-reserved-3.jpg\" data-pswp-width=\"\" data-pswp-height=\"\" class=\"media__hd\" target=\"_blank\">      <img decoding=\"async\" fetchpriority=\"high\" src=\"https:\/\/www.europesays.com\/fr\/wp-content\/uploads\/2025\/10\/141aacf_upload-1-6s6aclube5ku-a-1990-1991-cpt-holdings-inc-all-rights-reserved-3.jpg\" class=\"media__picture js-media-zoom-main \" alt=\"Au centre\u2009\u00a0: Parker Lewis, jou\u00e9 par Corin Nemec.\" title=\"INA\"\/>      <\/p>\n<p class=\"media__legend\"> Au centre\u2009\u00a0: Parker Lewis, jou\u00e9 par Corin Nemec.  INA  <\/p>\n<p>     <\/a>                    <\/p>\n<p class=\"author author--simple\">Par  <a class=\"author author--link\" href=\"https:\/\/www.telerama.fr\/recherche\/articles?q=Marjolaine+Jarry\" rel=\"nofollow noopener\" target=\"_blank\"> Marjolaine Jarry <\/a>    <\/p>\n<p class=\"publication__date\">Publi\u00e9 le 01 octobre 2025 \u00e0 12h52<\/p>\n<p class=\"publication__update\">Mis \u00e0 jour le 01 octobre 2025 \u00e0 13h00<\/p>\n<p>   Partager   <\/p>\n<ul class=\"sharing-popin--results\">\n<li class=\"sharing-popin--item sharing-popin--item-container\"> Partage  <\/li>\n<li data-share=\"linkedin\" class=\"sharing-popin--item\">  LinkedIn <\/li>\n<li data-share=\"facebook\" class=\"sharing-popin--item\">  Facebook <\/li>\n<li data-share=\"mail\" data-social=\"mail\" class=\"sharing-popin--item\">  Envoyer par email <\/li>\n<li data-share=\"copy\" class=\"sharing-popin--item\">  Copier le lien <\/li>\n<\/ul>\n<p>        Favoris       <\/p>\n<p>                <a class=\"openapp__link\" data-event=\"click-open-app\" data-deep-link=\"tlrm:\/\/element?id=\/series-tv\/on-a-revu-parker-lewis-ne-perd-jamais-sitcom-adolescente-des-annees-90-toujours-aussi-exuberante-7027639.php&amp;source=deeplink_site\">  Lire dans l&rsquo;application<br \/>\n  <\/a>                               <\/p>\n<p class=\"paragraph\">C\u2018\u00e9tait un temps o\u00f9 les ann\u00e9es 90 n\u2019\u00e9taient pas encore \u00e0 la mode, elles se contentaient d\u2019\u00eatre. Parker Lewis, h\u00e9ros espi\u00e8gle et bon esprit, arborait \u2014\u00a0au premier degr\u00e9\u00a0\u2014 des chemises bariol\u00e9es tr\u00e8s hip-hop et rivalisait, avec ses copains, d\u2019inventivit\u00e9 geek pour \u00e9chafauder ses mensonges en \u00e9quilibre instable \u2014\u00a0sans t\u00e9l\u00e9phone portable\u00a0! Guest-star du pilote, Milla Jovovich avait l\u2019\u00e2ge de porter des socquettes et, la nostalgie n\u2019\u00e9tant pas qu\u2019un sport de vieux, la f\u00eate du lyc\u00e9e avait pour th\u00e8me\u2026 les ann\u00e9es 80. Le risque \u00e9tait grand que d\u00e9terrer la s\u00e9rie pour ados, trente-cinq\u00a0ans apr\u00e8s son lancement, suscite le m\u00eame int\u00e9r\u00eat qu\u2019un chewing-gum fossilis\u00e9 sous un bureau d\u2019\u00e9colier. Sauf que la cr\u00e9ation de Clyde Phillips (\u00e0 qui on devra plus tard <a target=\"_blank\" href=\"https:\/\/www.telerama.fr\/dexter\/\" rel=\"nofollow noopener\">Dexter<\/a> mais aussi <a target=\"_blank\" href=\"https:\/\/www.telerama.fr\/television\/a-commence-aux-etats-unis-aux-bons-soins-de-nurse-jackie,43972.php\" rel=\"nofollow noopener\">Nurse Jackie<\/a>) et de son cosc\u00e9nariste Lon Diamond s\u2019empare des codes du genre pour mieux chambouler l\u2019exercice. Fonci\u00e8rement burlesque (l\u2019hommage aux Marx Brothers est limpide), voire volontiers absurde, la sitcom am\u00e9ricaine r\u00e9enchante son d\u00e9cor de lyc\u00e9e et ses figures arch\u00e9typales en r\u00e9v\u00e9lant tout leur potentiel fantasmagorique. Rien d\u2019\u00e9tonnant \u00e0 ce que Parker Lewis ne perd jamais soit cit\u00e9e comme r\u00e9f\u00e9rence ador\u00e9e par Bill Lawrence, qui sut si bien, avec Scrubs, \u00e9mulsionner le d\u00e9lire latent du quotidien d\u2019un service hospitalier.<\/p>\n<p class=\"paragraph\">\u00ab\u00a0Quel niveau de dinguerie pouvons-nous atteindre tout en continuant quand m\u00eame \u00e0 raconter une histoire\u00a0?\u00a0\u00bb Ainsi Clyde Phillips r\u00e9sume-t-il l\u2019id\u00e9al qui tenaillait, \u00e0 l\u2019\u00e9poque, son \u00e9quipe. Cam\u00e9ra embarqu\u00e9e, effets de montage et quatri\u00e8me mur dynamit\u00e9\u00a0: truff\u00e9e de tentatives exp\u00e9rimentales, Parker Lewis ringardise bien des productions contemporaines englu\u00e9es dans leur conformisme. En bonus, on savoure son go\u00fbt du clin d\u2019\u0153il, depuis la reproduction du Cri de Munch, affich\u00e9e dans le bureau de la tr\u00e8s fumasse proviseure, jusqu\u2019aux nombreuses r\u00e9f\u00e9rences au septi\u00e8me art \u2014\u00a0comble de la connivence cin\u00e9philique, les parents de Parker Lewis tiennent un vid\u00e9oclub\u2026 Logique pour une s\u00e9rie inspir\u00e9e de <a target=\"_blank\" href=\"https:\/\/www.telerama.fr\/cinema\/films\/la-folle-journee-de-ferris-bueller,9513.php\" rel=\"nofollow noopener\">La Folle Journ\u00e9e de Ferris Bueller<\/a>, sorti en\u00a01986, et plus encore de Trois Heures, l\u2019heure du crime, autre com\u00e9die adolescente des m\u00eames ann\u00e9es. Las, en saison 3, l\u2019esprit frondeur de Parker en prendra un coup, de l\u2019aveu m\u00eame des cr\u00e9ateurs\u00a0: press\u00e9s par la cha\u00eene d\u2019\u00e9largir leur audience, ces derniers sont incit\u00e9s \u00e0 moins d\u2019exub\u00e9rance et plus de romance \u2014\u00a0l\u2019implacable \u00e9quation de l\u2019affadissement\u2026<\/p>\n<p class=\"edito__prefixe\">   \u00c0 lire aussi :   <\/p>\n<p class=\"edito__text-container\">   <a alt=\"Lire aussi\" href=\"https:\/\/www.telerama.fr\/television\/on-a-revu-ma-sorciere-bien-aimee-sur-ina-madelen-et-on-se-tord-un-peu-le-nez-7023527.php\" class=\"article__title--edito\" rel=\"nofollow noopener\" target=\"_blank\">On a revu \u201cMa sorci\u00e8re bien-aim\u00e9e\u201d sur INA Madelen et on se tord un peu le nez<\/a>  <\/p>\n<p class=\"paragraph\">Aujourd\u2019hui, le casting enti\u00e8rement blanc ne manque pas de sauter aux yeux et les plans sur les jambes des pom-pom girls ont t\u00f4t fait de lasser \u2014\u00a0notons, tout de m\u00eame, en guise de contrepoint, ce conseil de Parker \u00e0 son acolyte Mickey\u00a0: \u00ab\u00a0Ne l\u2019embrasse pas tout de suite, on est dans les ann\u00e9es 90, faut pas la bousculer.\u00a0\u00bb Mais le temps qui passe offre aussi l\u2019occasion de saisir une dimension oubli\u00e9e\u00a0: au-del\u00e0 des clich\u00e9s et des vannes, cette d\u00e9fense vaillante de l\u2019amiti\u00e9 et de la solidarit\u00e9 qui soutient la s\u00e9rie. Derri\u00e8re les pirouettes potaches, quelque chose qui ressemble \u00e0 une authentique tendresse.<\/p>\n","protected":false},"excerpt":{"rendered":"La bande de lyc\u00e9ens rappelle ceux de \u201cLa Folle Journ\u00e9e de Ferris Bueller\u201d. Disponible en int\u00e9gralit\u00e9 sur Madelen,&hellip;\n","protected":false},"author":2,"featured_media":430978,"comment_status":"","ping_status":"","sticky":false,"template":"","format":"standard","meta":{"footnotes":""},"categories":[1356],"tags":[58,59,1011,27,252,1364],"class_list":{"0":"post-430977","1":"post","2":"type-post","3":"status-publish","4":"format-standard","5":"has-post-thumbnail","7":"category-television","8":"tag-divertissement","9":"tag-entertainment","10":"tag-fr","11":"tag-france","12":"tag-television","13":"tag-tv"},"share_on_mastodon":{"url":"https:\/\/pubeurope.com\/@fr\/115298639090232669","error":""},"_links":{"self":[{"href":"https:\/\/www.europesays.com\/fr\/wp-json\/wp\/v2\/posts\/430977","targetHints":{"allow":["GET"]}}],"collection":[{"href":"https:\/\/www.europesays.com\/fr\/wp-json\/wp\/v2\/posts"}],"about":[{"href":"https:\/\/www.europesays.com\/fr\/wp-json\/wp\/v2\/types\/post"}],"author":[{"embeddable":true,"href":"https:\/\/www.europesays.com\/fr\/wp-json\/wp\/v2\/users\/2"}],"replies":[{"embeddable":true,"href":"https:\/\/www.europesays.com\/fr\/wp-json\/wp\/v2\/comments?post=430977"}],"version-history":[{"count":0,"href":"https:\/\/www.europesays.com\/fr\/wp-json\/wp\/v2\/posts\/430977\/revisions"}],"wp:featuredmedia":[{"embeddable":true,"href":"https:\/\/www.europesays.com\/fr\/wp-json\/wp\/v2\/media\/430978"}],"wp:attachment":[{"href":"https:\/\/www.europesays.com\/fr\/wp-json\/wp\/v2\/media?parent=430977"}],"wp:term":[{"taxonomy":"category","embeddable":true,"href":"https:\/\/www.europesays.com\/fr\/wp-json\/wp\/v2\/categories?post=430977"},{"taxonomy":"post_tag","embeddable":true,"href":"https:\/\/www.europesays.com\/fr\/wp-json\/wp\/v2\/tags?post=430977"}],"curies":[{"name":"wp","href":"https:\/\/api.w.org\/{rel}","templated":true}]}}