{"id":430983,"date":"2025-10-01T11:21:10","date_gmt":"2025-10-01T11:21:10","guid":{"rendered":"https:\/\/www.europesays.com\/fr\/430983\/"},"modified":"2025-10-01T11:21:10","modified_gmt":"2025-10-01T11:21:10","slug":"pourquoi-les-francais-continuent-ils-a-preferer-la-vraie-viande-aux-alternatives-vegetales-industrielles","status":"publish","type":"post","link":"https:\/\/www.europesays.com\/fr\/430983\/","title":{"rendered":"Pourquoi les Fran\u00e7ais continuent-ils \u00e0 pr\u00e9f\u00e9rer la vraie viande aux alternatives v\u00e9g\u00e9tales industrielles\u00a0?"},"content":{"rendered":"<p><strong>D\u00c9CRYPTAGE &#8211; <\/strong>En d\u00e9pit d\u2019importants investissements financiers, de campagnes de communication men\u00e9es par les industriels du secteur de la viande de synth\u00e8se, de la pression des lobbyistes, des moralistes animalistes et de la mont\u00e9e en puissance du v\u00e9ganisme, la consommation de viande continue \u00e0 progresser en France.<\/p>\n<p class=\"fig-paragraph\">Ce devait \u00eatre une r\u00e9volution. En f\u00e9vrier 2020, le Groupe Casino avait accompagn\u00e9 en grande pompe\u00a0<a href=\"https:\/\/www.lefigaro.fr\/societes\/les-steaks-vegans-beyond-meat-a-l-assaut-du-marche-francais-20200130\" data-fig-type=\"Article\" data-gtm-custom-categorie=\"navigation\" data-gtm-custom-action=\"crossclick\" data-gtm-custom-label=\"Contextuel\" data-gtm-event=\"customEventSPE\" data-fig-domain=\"LEFIGARO\" rel=\"nofollow noopener\" target=\"_blank\">le lancement en France du burger v\u00e9g\u00e9tal de Beyond Meat,<\/a>\u00a0le g\u00e9ant am\u00e9ricain des substituts de viande \u00e0 partir de plantes. \u00ab\u00a0Con\u00e7u pour ressembler, griller et r\u00e9galer comme un hamburger de b\u0153uf\u00a0\u00bb, ce faux steak avait \u00e9t\u00e9 mis en place dans les rayonnages de plus de 500\u00a0points de vente des enseignes Monoprix, Franprix, G\u00e9ant et Casino \u00e0 grand renfort de publicit\u00e9. Sur le papier, ce produit industriel semblait avoir tout pour s\u00e9duire les Fran\u00e7ais d\u00e9sireux de \u00ab\u00a0consommer de fa\u00e7on plus responsable\u00a0\u00bb, de r\u00e9duire \u00ab\u00a0leur empreinte environnementale\u00a0\u00bb, de \u00ab\u00a0prot\u00e9ger leur sant\u00e9\u00a0\u00bb et d\u2019exprimer leur \u00ab\u00a0sensibilit\u00e9 croissante au bien-\u00eatre animal\u00a0\u00bb.<\/p>\n<p class=\"fig-paragraph\">Accus\u00e9e de tous les maux par les plus extr\u00e9mistes des v\u00e9gans et les animalistes de tous poils, la viande allait sans doute bient\u00f4t dispara\u00eetre des rayonnages des supermarch\u00e9s et des \u00e9tals des bouchers, ces \u00ab\u00a0collaborateurs\u00a0\u00bb d\u2019un \u00ab\u00a0v\u00e9ritable g\u00e9nocide\u00a0\u00bb, dont\u00a0<a href=\"https:\/\/www.lefigaro.fr\/actualite-france\/2018\/06\/28\/01016-20180628ARTFIG00341-vises-par-des-actes-de-vandalisme-les-bouchers-appellent-a-l-aide.php\" data-fig-type=\"Article\" data-gtm-custom-categorie=\"navigation\" data-gtm-custom-action=\"crossclick\" data-gtm-custom-label=\"Contextuel\" data-gtm-event=\"customEventSPE\" data-fig-domain=\"LEFIGARO\" rel=\"nofollow noopener\" target=\"_blank\">certaines vitrines \u00e9taient alors r\u00e9guli\u00e8rement tagu\u00e9es ou macul\u00e9e de sang<\/a>\u00a0par des groupuscules \u00ab\u00a0\u00e9coterroristes\u00a0\u00bb. C\u2019\u00e9tait violent et caricatural. Mais pour les plus convaincus, c\u2019\u00e9tait tout simplement \u00ab\u00a0le sens de l\u2019histoire\u00a0\u00bb.<\/p>\n<p>Un march\u00e9 plus complexe et plus r\u00e9duit que pr\u00e9vu<\/p>\n<p class=\"fig-paragraph\">Seulement voil\u00e0. Cinq ans plus tard, Beyond Meat a rat\u00e9 son entr\u00e9e\u2026<\/p>\n<p class=\"fig-premium-paywall__infos\">\n        Cet article est r\u00e9serv\u00e9 aux abonn\u00e9s.        Il vous reste 89% \u00e0 d\u00e9couvrir.\n    <\/p>\n<p>                <img  data- alt=\"Le Figaro\" class=\"fig-img--complete fig-img\"\/><\/p>\n<p class=\"fig-premium-paywall__title\">Vous avez envie de lire la suite ?<\/p>\n<p class=\"fig-premium-paywall__subtitle\">D\u00e9bloquez tous les articles imm\u00e9diatement.<\/p>\n<p class=\"fig-premium-paywall__connect\">\n                D\u00e9j\u00e0 abonn\u00e9\u00a0?                <a class=\"fig-premium-paywall__connect-link\" href=\"https:\/\/connect.lefigaro.fr\/login?client=horizon_web&amp;type=main&amp;redirect_uri=https%3A%2F%2Fwww.lefigaro.fr%2Fconso%2Fpourquoi-les-francais-continuent-ils-a-preferer-la-vraie-viande-aux-alternatives-vegetales-industrielles-20251001\" data-js-gtm=\"{&quot;customCategorie&quot;: &quot;conversion&quot;, &quot;customAction&quot;: &quot;before_Landing_Connexion_paywall_manuel&quot;, &quot;customLabel&quot;: &quot;bGVmaWdhcm8uZnJfXzFmMDlhYzAwLTg2NjQtNmRiMC1iOTBmLTA5ZmFhMzJjZDc0Ml9fQXJ0aWNsZQ==_Pourquoi les Fran\u00e7ais continuent-ils \u00e0 pr\u00e9f\u00e9rer la vraie viande aux alternatives v\u00e9g\u00e9tales industrielles\u00a0?_66&quot;, &quot;customIDSPE&quot;: &quot;bGVmaWdhcm8uZnJfXzFmMDlhYzAwLTg2NjQtNmRiMC1iOTBmLTA5ZmFhMzJjZDc0Ml9fQXJ0aWNsZQ==&quot;, &quot;event&quot;: &quot;customEventSPE&quot;}\" rel=\"nofollow noopener\" target=\"_blank\"><br \/>\n                    Connectez-vous<br \/>\n                <\/a>\n            <\/p>\n","protected":false},"excerpt":{"rendered":"D\u00c9CRYPTAGE &#8211; En d\u00e9pit d\u2019importants investissements financiers, de campagnes de communication men\u00e9es par les industriels du secteur de&hellip;\n","protected":false},"author":2,"featured_media":430984,"comment_status":"","ping_status":"","sticky":false,"template":"","format":"standard","meta":{"footnotes":""},"categories":[10],"tags":[1011,27,72,71,12367,11994],"class_list":{"0":"post-430983","1":"post","2":"type-post","3":"status-publish","4":"format-standard","5":"has-post-thumbnail","7":"category-sante","8":"tag-fr","9":"tag-france","10":"tag-health","11":"tag-sante","12":"tag-vegan","13":"tag-viande"},"share_on_mastodon":{"url":"https:\/\/pubeurope.com\/@fr\/115298650332009800","error":""},"_links":{"self":[{"href":"https:\/\/www.europesays.com\/fr\/wp-json\/wp\/v2\/posts\/430983","targetHints":{"allow":["GET"]}}],"collection":[{"href":"https:\/\/www.europesays.com\/fr\/wp-json\/wp\/v2\/posts"}],"about":[{"href":"https:\/\/www.europesays.com\/fr\/wp-json\/wp\/v2\/types\/post"}],"author":[{"embeddable":true,"href":"https:\/\/www.europesays.com\/fr\/wp-json\/wp\/v2\/users\/2"}],"replies":[{"embeddable":true,"href":"https:\/\/www.europesays.com\/fr\/wp-json\/wp\/v2\/comments?post=430983"}],"version-history":[{"count":0,"href":"https:\/\/www.europesays.com\/fr\/wp-json\/wp\/v2\/posts\/430983\/revisions"}],"wp:featuredmedia":[{"embeddable":true,"href":"https:\/\/www.europesays.com\/fr\/wp-json\/wp\/v2\/media\/430984"}],"wp:attachment":[{"href":"https:\/\/www.europesays.com\/fr\/wp-json\/wp\/v2\/media?parent=430983"}],"wp:term":[{"taxonomy":"category","embeddable":true,"href":"https:\/\/www.europesays.com\/fr\/wp-json\/wp\/v2\/categories?post=430983"},{"taxonomy":"post_tag","embeddable":true,"href":"https:\/\/www.europesays.com\/fr\/wp-json\/wp\/v2\/tags?post=430983"}],"curies":[{"name":"wp","href":"https:\/\/api.w.org\/{rel}","templated":true}]}}