{"id":4310,"date":"2025-04-05T06:54:10","date_gmt":"2025-04-05T06:54:10","guid":{"rendered":"https:\/\/www.europesays.com\/fr\/4310\/"},"modified":"2025-04-05T06:54:10","modified_gmt":"2025-04-05T06:54:10","slug":"une-petition-contre-35-nouveaux-logements-sociaux-a-la-fourragere-a-marseille","status":"publish","type":"post","link":"https:\/\/www.europesays.com\/fr\/4310\/","title":{"rendered":"Une p\u00e9tition contre 35 nouveaux logements sociaux \u00e0 la Fourrag\u00e8re \u00e0 Marseille"},"content":{"rendered":"<p>Ils s\u2019y attendaient. Mais lorsqu\u2019ils ont vu le panneau de permis de construire accroch\u00e9 sur leur portail, ils se sont instantan\u00e9ment mobilis\u00e9s. Les habitants du domaine Grand Soleil, qui compte environ 200 appartements, au bout de l\u2019avenue Vincent-Van-Gogh, dans le 12e arrondissement, se sont r\u00e9unis afin de s\u2019opposer \u00e0 la construction de 35 nouveaux logements (<a href=\"https:\/\/www.laprovence.com\/article\/region\/27666206443430\/fondation-abbe-pierre-le-nombre-de-demandes-de-logements-sociaux-explose-dans-la-region\" target=\"_blank\" rel=\"noopener\">24 locatifs interm\u00e9diaires et 11 locatifs sociaux<\/a>) \u00e0 c\u00f4t\u00e9 de leur r\u00e9sidence. Au fond du chemin d\u2019acc\u00e8s \u00e0 leurs immeubles, une vieille maison est habit\u00e9e. Mais son propri\u00e9taire, dont la famille a vendu toutes les terres autour pour la construction de la r\u00e9sidence, a d\u00e9cid\u00e9 de c\u00e9der \u00e0 son tour ce patrimoine. Un promoteur, Promogim, a ainsi pr\u00e9vu d\u2019y construire deux immeubles de 16 m\u00e8tres de haut.<\/p>\n<p>\u00ab\u00a0La rue est d\u00e9j\u00e0 satur\u00e9e et dangereuse car d\u00e9pourvue de trottoir et on va ajouter encore des voitures, indiquent les habitants, r\u00e9unis en collectif. Et puis ces nouveaux immeubles seraient desservis par une servitude qui n\u2019a pas vocation \u00e0 cela, sans oublier que le promoteur pr\u00e9voit d\u2019utiliser comme local \u00e0 poubelles un local existant de notre copropri\u00e9t\u00e9 inadapt\u00e9 aux ordures m\u00e9nag\u00e8res.\u00a0\u00bb Probl\u00e8me\u00a0: le permis de construire a d\u00e9j\u00e0 \u00e9t\u00e9 valid\u00e9 par les services de l\u2019urbanisme, en d\u00e9pit d\u2019un avis d\u00e9favorable du maire de secteur. \u00ab\u00a0C\u2019est un cul-de-sac au fond d\u2019une impasse archi satur\u00e9e entre les habitations, le club de tennis et le lyc\u00e9e, note le maire (LR) des 11e-12e, <a href=\"https:\/\/www.laprovence.com\/article\/politique\/59169114504220\/sylvain-souvestre-maire-lr-des-11e-12e-denonce-l-inaction-du-maire-de-marseille-benoit-payan\" target=\"_blank\" rel=\"noopener\">Sylvain Souvestre<\/a>. Et la traverse des Millepertuis est dangereuse, cela fait cinq ans que j\u2019ai propos\u00e9 la pose d\u2019une cam\u00e9ra et d\u2019un \u00e9clairage pour la s\u00e9curiser.\u00a0\u00bb<br \/>Les riverains ont lanc\u00e9, le 11\u00a0mars, une p\u00e9tition en ligne qui a recueilli pr\u00e8s de 700 signatures. Ils vont \u00e9galement d\u00e9poser un recours pour s\u2019opposer \u00e0 ce permis.<\/p>\n","protected":false},"excerpt":{"rendered":"Ils s\u2019y attendaient. Mais lorsqu\u2019ils ont vu le panneau de permis de construire accroch\u00e9 sur leur portail, ils&hellip;\n","protected":false},"author":2,"featured_media":4311,"comment_status":"","ping_status":"","sticky":false,"template":"","format":"standard","meta":{"footnotes":""},"categories":[2814],"tags":[17,1111,11,1444,1777,674,1011,27,2846,884,12,2845,2844,882,16,25,2847,96],"class_list":{"0":"post-4310","1":"post","2":"type-post","3":"status-publish","4":"format-standard","5":"has-post-thumbnail","7":"category-marseille","8":"tag-17","9":"tag-actu","10":"tag-actualites","11":"tag-contre","12":"tag-eu","13":"tag-europe","14":"tag-fr","15":"tag-france","16":"tag-logements","17":"tag-marseille","18":"tag-news","19":"tag-nouveaux","20":"tag-petition","21":"tag-provence-alpes-cote-dazur","22":"tag-region","23":"tag-republique-francaise","24":"tag-sociaux","25":"tag-une"},"share_on_mastodon":{"url":"https:\/\/pubeurope.com\/@fr\/114284046876560237","error":""},"_links":{"self":[{"href":"https:\/\/www.europesays.com\/fr\/wp-json\/wp\/v2\/posts\/4310","targetHints":{"allow":["GET"]}}],"collection":[{"href":"https:\/\/www.europesays.com\/fr\/wp-json\/wp\/v2\/posts"}],"about":[{"href":"https:\/\/www.europesays.com\/fr\/wp-json\/wp\/v2\/types\/post"}],"author":[{"embeddable":true,"href":"https:\/\/www.europesays.com\/fr\/wp-json\/wp\/v2\/users\/2"}],"replies":[{"embeddable":true,"href":"https:\/\/www.europesays.com\/fr\/wp-json\/wp\/v2\/comments?post=4310"}],"version-history":[{"count":0,"href":"https:\/\/www.europesays.com\/fr\/wp-json\/wp\/v2\/posts\/4310\/revisions"}],"wp:featuredmedia":[{"embeddable":true,"href":"https:\/\/www.europesays.com\/fr\/wp-json\/wp\/v2\/media\/4311"}],"wp:attachment":[{"href":"https:\/\/www.europesays.com\/fr\/wp-json\/wp\/v2\/media?parent=4310"}],"wp:term":[{"taxonomy":"category","embeddable":true,"href":"https:\/\/www.europesays.com\/fr\/wp-json\/wp\/v2\/categories?post=4310"},{"taxonomy":"post_tag","embeddable":true,"href":"https:\/\/www.europesays.com\/fr\/wp-json\/wp\/v2\/tags?post=4310"}],"curies":[{"name":"wp","href":"https:\/\/api.w.org\/{rel}","templated":true}]}}