{"id":431003,"date":"2025-10-01T11:31:11","date_gmt":"2025-10-01T11:31:11","guid":{"rendered":"https:\/\/www.europesays.com\/fr\/431003\/"},"modified":"2025-10-01T11:31:11","modified_gmt":"2025-10-01T11:31:11","slug":"liut-charlemagne-evacue-ce-samedi","status":"publish","type":"post","link":"https:\/\/www.europesays.com\/fr\/431003\/","title":{"rendered":"l\u2019IUT Charlemagne \u00e9vacu\u00e9 ce samedi"},"content":{"rendered":"<p>Une fausse alerte \u00e0 la bombe a eu lieu samedi 27\u00a0septembre \u00e0 l\u2019IUT Charlemagne, \u00e0 Nancy. Le message post\u00e9 par un \u00e9tudiant sur un r\u00e9seau social indiquant qu\u2019il allait faire exploser l\u2019\u00e9tablissement a fortement inqui\u00e9t\u00e9 l\u2019encadrement et d\u00e9cision a \u00e9t\u00e9 prise de d\u00e9clencher l\u2019alarme incendie peu avant 11\u00a0h\u00a030 afin d\u2019\u00e9vacuer l\u2019IUT par mesure de s\u00e9curit\u00e9, soit une cinquantaine d\u2019\u00e9tudiants pr\u00e9sents ce jour-l\u00e0.<\/p>\n<p>Alert\u00e9e, la police est rapidement intervenue et a pu proc\u00e9der \u00e0 l\u2019interpellation du suspect \u00e0 l\u2019origine de la fausse alerte, un \u00e9tudiant \u00e2g\u00e9 de 18 ans. Plac\u00e9 en garde \u00e0 vue, le mis en cause a ensuite \u00e9t\u00e9 remis en libert\u00e9 avec une convocation ult\u00e9rieure en justice dans le cadre d\u2019une comparution sur reconnaissance pr\u00e9alable de culpabilit\u00e9 (CRPC) doubl\u00e9e d\u2019une convocation par officier de police judiciaire (COPJ).<\/p>\n","protected":false},"excerpt":{"rendered":"Une fausse alerte \u00e0 la bombe a eu lieu samedi 27\u00a0septembre \u00e0 l\u2019IUT Charlemagne, \u00e0 Nancy. Le message&hellip;\n","protected":false},"author":2,"featured_media":431004,"comment_status":"","ping_status":"","sticky":false,"template":"","format":"standard","meta":{"footnotes":""},"categories":[9635],"tags":[1111,11,271,272,1704,1057,4854,1777,674,274,1011,27,775,3457,1702,1703,12,25],"class_list":{"0":"post-431003","1":"post","2":"type-post","3":"status-publish","4":"format-standard","5":"has-post-thumbnail","7":"category-nancy","8":"tag-actu","9":"tag-actualites","10":"tag-crime","11":"tag-delit-et-contravention","12":"tag-edition-nancy-et-agglomeration","13":"tag-education","14":"tag-enseignement-superieur","15":"tag-eu","16":"tag-europe","17":"tag-faits-divers-justice","18":"tag-fr","19":"tag-france","20":"tag-grand-est","21":"tag-meurthe-et-moselle","22":"tag-nancy","23":"tag-nancy-ville-54b","24":"tag-news","25":"tag-republique-francaise"},"share_on_mastodon":{"url":"https:\/\/pubeurope.com\/@fr\/115298689769712320","error":""},"_links":{"self":[{"href":"https:\/\/www.europesays.com\/fr\/wp-json\/wp\/v2\/posts\/431003","targetHints":{"allow":["GET"]}}],"collection":[{"href":"https:\/\/www.europesays.com\/fr\/wp-json\/wp\/v2\/posts"}],"about":[{"href":"https:\/\/www.europesays.com\/fr\/wp-json\/wp\/v2\/types\/post"}],"author":[{"embeddable":true,"href":"https:\/\/www.europesays.com\/fr\/wp-json\/wp\/v2\/users\/2"}],"replies":[{"embeddable":true,"href":"https:\/\/www.europesays.com\/fr\/wp-json\/wp\/v2\/comments?post=431003"}],"version-history":[{"count":0,"href":"https:\/\/www.europesays.com\/fr\/wp-json\/wp\/v2\/posts\/431003\/revisions"}],"wp:featuredmedia":[{"embeddable":true,"href":"https:\/\/www.europesays.com\/fr\/wp-json\/wp\/v2\/media\/431004"}],"wp:attachment":[{"href":"https:\/\/www.europesays.com\/fr\/wp-json\/wp\/v2\/media?parent=431003"}],"wp:term":[{"taxonomy":"category","embeddable":true,"href":"https:\/\/www.europesays.com\/fr\/wp-json\/wp\/v2\/categories?post=431003"},{"taxonomy":"post_tag","embeddable":true,"href":"https:\/\/www.europesays.com\/fr\/wp-json\/wp\/v2\/tags?post=431003"}],"curies":[{"name":"wp","href":"https:\/\/api.w.org\/{rel}","templated":true}]}}