{"id":431008,"date":"2025-10-01T11:34:12","date_gmt":"2025-10-01T11:34:12","guid":{"rendered":"https:\/\/www.europesays.com\/fr\/431008\/"},"modified":"2025-10-01T11:34:12","modified_gmt":"2025-10-01T11:34:12","slug":"ligue-feminine-une-meneuse-americaine-rejoint-landerneau-sport","status":"publish","type":"post","link":"https:\/\/www.europesays.com\/fr\/431008\/","title":{"rendered":"Ligue f\u00e9minine. Une meneuse am\u00e9ricaine rejoint Landerneau . Sport"},"content":{"rendered":"<p>La vague de d\u00e9parts et d\u2019arriv\u00e9es \u00e0 Landerneau n\u2019est toujours pas termin\u00e9e, m\u00eame \u00e0 quelques heures du <a href=\"https:\/\/brest.maville.com\/sport\/detail_-basket.-on-avance-vite-landerneau-continue-sa-preparation-a-l-open-de-l-oise-_6-6974014_actu.Htm\" target=\"_blank\" rel=\"noopener\">premier rendez-vous de la saison, contre Basket Landes (19\u00a0h)<\/a>, champion de France en titre. <a href=\"https:\/\/www.ouest-france.fr\/sport\/basket\/landerneau-bretagne-basket\/ligue-feminine-ca-na-pas-ete-toujours-facile-la-lecon-de-vie-delizabeth-balogun-a-landerneau-db1b2888-9e04-11f0-b8c9-cb434b3a2a4e\" target=\"_blank\" rel=\"noopener\">Anim\u00e9 par neuf recrues, et seulement deux joueuses conserv\u00e9es,<\/a> le mercato du club de la Cit\u00e9 de la Lune s\u2019active de nouveau. Le LBB annonce l\u2019arriv\u00e9e Cornelia Fondren, meneuse am\u00e9ricaine de 31\u00a0ans. Elle arrive en provenance du Faenza Basket Project, en Ligue 2\u00a0italienne.<\/p>\n<p>Pr\u00e9sente pour quelques semaines<\/p>\n<p>La joueuse ne d\u00e9barque pas en tant que joker m\u00e9dical et sera Landern\u00e9enne pour quelques semaines. \u00a0Nous sommes tr\u00e8s heureux d\u2019accueillir Cornelia. Elle va nous apporter son exp\u00e9rience, sa versatilit\u00e9 sur le terrain, ainsi que des points\u00a0, explique son nouveau coach Wani Muganguzi.<\/p>\n<\/p>\n<p>Dipl\u00f4m\u00e9e en 2016 \u00e0 l\u2019universit\u00e9 de Syracuse, elle s\u2019est ensuite impos\u00e9e comme l\u2019une des meneuses les plus performantes du championnat. Elle ne d\u00e9couvrira pas la France, puisqu\u2019elle a d\u00e9j\u00e0 \u00e9volu\u00e9 au Cavigal Nice Basket. \u00a0Tout le monde a \u00e9t\u00e9 tr\u00e8s accueillant, et j\u2019ai beaucoup appr\u00e9ci\u00e9. Je suis impatiente de commencer \u00e0 jouer pour l\u2019\u00e9quipe et toute la ville\u00a0, d\u00e9clare Fondren. Peut-\u00eatre d\u00e8s ce mercredi 1er\u00a0octobre, dans les Landes\u00a0?<\/p>\n<p>\u00a0<\/p>\n","protected":false},"excerpt":{"rendered":"La vague de d\u00e9parts et d\u2019arriv\u00e9es \u00e0 Landerneau n\u2019est toujours pas termin\u00e9e, m\u00eame \u00e0 quelques heures du premier&hellip;\n","protected":false},"author":2,"featured_media":431009,"comment_status":"","ping_status":"","sticky":false,"template":"","format":"standard","meta":{"footnotes":""},"categories":[9619],"tags":[1111,11,3809,1465,1777,674,63,1011,27,1792,1922,12,882,25,479,517,2310,1470],"class_list":{"0":"post-431008","1":"post","2":"type-post","3":"status-publish","4":"format-standard","5":"has-post-thumbnail","7":"category-toulon","8":"tag-actu","9":"tag-actualites","10":"tag-ball","11":"tag-basket","12":"tag-eu","13":"tag-europe","14":"tag-football","15":"tag-fr","16":"tag-france","17":"tag-handball","18":"tag-info","19":"tag-news","20":"tag-provence-alpes-cote-dazur","21":"tag-republique-francaise","22":"tag-rugby","23":"tag-sport","24":"tag-toulon","25":"tag-volley"},"share_on_mastodon":{"url":"https:\/\/pubeurope.com\/@fr\/115298701425624529","error":""},"_links":{"self":[{"href":"https:\/\/www.europesays.com\/fr\/wp-json\/wp\/v2\/posts\/431008","targetHints":{"allow":["GET"]}}],"collection":[{"href":"https:\/\/www.europesays.com\/fr\/wp-json\/wp\/v2\/posts"}],"about":[{"href":"https:\/\/www.europesays.com\/fr\/wp-json\/wp\/v2\/types\/post"}],"author":[{"embeddable":true,"href":"https:\/\/www.europesays.com\/fr\/wp-json\/wp\/v2\/users\/2"}],"replies":[{"embeddable":true,"href":"https:\/\/www.europesays.com\/fr\/wp-json\/wp\/v2\/comments?post=431008"}],"version-history":[{"count":0,"href":"https:\/\/www.europesays.com\/fr\/wp-json\/wp\/v2\/posts\/431008\/revisions"}],"wp:featuredmedia":[{"embeddable":true,"href":"https:\/\/www.europesays.com\/fr\/wp-json\/wp\/v2\/media\/431009"}],"wp:attachment":[{"href":"https:\/\/www.europesays.com\/fr\/wp-json\/wp\/v2\/media?parent=431008"}],"wp:term":[{"taxonomy":"category","embeddable":true,"href":"https:\/\/www.europesays.com\/fr\/wp-json\/wp\/v2\/categories?post=431008"},{"taxonomy":"post_tag","embeddable":true,"href":"https:\/\/www.europesays.com\/fr\/wp-json\/wp\/v2\/tags?post=431008"}],"curies":[{"name":"wp","href":"https:\/\/api.w.org\/{rel}","templated":true}]}}