{"id":43101,"date":"2025-04-22T04:32:30","date_gmt":"2025-04-22T04:32:30","guid":{"rendered":"https:\/\/www.europesays.com\/fr\/43101\/"},"modified":"2025-04-22T04:32:30","modified_gmt":"2025-04-22T04:32:30","slug":"chantepie-une-soiree-debat-sur-les-violences-conjugales","status":"publish","type":"post","link":"https:\/\/www.europesays.com\/fr\/43101\/","title":{"rendered":"Chantepie. Une soir\u00e9e d\u00e9bat sur les violences conjugales"},"content":{"rendered":"<p>\u00ab<strong>\u00a0C\u2019est dans le cadre du Conseil local de s\u00e9curit\u00e9 et de pr\u00e9vention de la d\u00e9linquance que nous organisons cette soir\u00e9e cin\u00e9 d\u00e9bat<\/strong>, explique Isabelle Lorand, vice-pr\u00e9sidente du CCAS (Centre communal d\u2019action sociale). <strong>Pr\u00e9sid\u00e9 par le maire, ce conseil d\u00e9finit les priorit\u00e9s dans la lutte contre l\u2019ins\u00e9curit\u00e9 et la pr\u00e9vention de la d\u00e9linquance<\/strong><strong>.\u00a0\u00bb<\/strong><\/p>\n<p>\u00ab<strong>\u00a0Le sujet des violences conjugales, qu\u2019elles soient physiques ou psychologiques, s\u2019est impos\u00e9 lorsque nous avons r\u00e9fl\u00e9chi \u00e0 l\u2019organisation d\u2019une soir\u00e9e d\u2019information et d\u2019\u00e9changes avec le public\u00a0\u00bb<\/strong>, expose Jeanne Gavaland, responsable du CCAS.<\/p>\n<p>Le support sera le film L\u2019amour et les for\u00eats, de Val\u00e9rie Donzelli. \u00ab<strong>\u00a0La projection sera suivie d\u2019un d\u00e9bat anim\u00e9 par trois\u00a0professionnelles<\/strong>, ajoute Jeanne Gavaland, <strong>Manon Ragot, juriste au Centre d\u2019information du droit des femmes et des familles\u00a0; ma\u00eetre Audrey Ferron, avocate au barreau de Rennes\u00a0; L\u00e9a Pautrieux<\/strong>, \u00e9ducatrice sp\u00e9cialis\u00e9e \u00e0 l\u2019Association pour l\u2019action sociale et la formation \u00e0 l\u2019autonomie et au devenir.\u00a0<\/p>\n<p>Mercredi 23\u00a0avril, \u00e0 20\u00a0h, salle polyvalente des Deux-Ruisseaux. Entr\u00e9e libre. Contact\u00a0: t\u00e9l. 02\u00a099\u00a041\u00a005\u00a027 (Jeanne Gavaland).<\/p>\n<p>\u00a0<\/p>\n","protected":false},"excerpt":{"rendered":"\u00ab\u00a0C\u2019est dans le cadre du Conseil local de s\u00e9curit\u00e9 et de pr\u00e9vention de la d\u00e9linquance que nous organisons&hellip;\n","protected":false},"author":2,"featured_media":43102,"comment_status":"","ping_status":"","sticky":false,"template":"","format":"standard","meta":{"footnotes":""},"categories":[2821],"tags":[1111,11,829,12790,12145,1292,1777,674,1011,27,12,3086,584,25,953,2949],"class_list":{"0":"post-43101","1":"post","2":"type-post","3":"status-publish","4":"format-standard","5":"has-post-thumbnail","7":"category-rennes","8":"tag-actu","9":"tag-actualites","10":"tag-bretagne","11":"tag-chantepie","12":"tag-conjugales","13":"tag-debat","14":"tag-eu","15":"tag-europe","16":"tag-fr","17":"tag-france","18":"tag-news","19":"tag-redon","20":"tag-rennes","21":"tag-republique-francaise","22":"tag-soiree","23":"tag-violences"},"share_on_mastodon":{"url":"https:\/\/pubeurope.com\/@fr\/114379747749547433","error":""},"_links":{"self":[{"href":"https:\/\/www.europesays.com\/fr\/wp-json\/wp\/v2\/posts\/43101","targetHints":{"allow":["GET"]}}],"collection":[{"href":"https:\/\/www.europesays.com\/fr\/wp-json\/wp\/v2\/posts"}],"about":[{"href":"https:\/\/www.europesays.com\/fr\/wp-json\/wp\/v2\/types\/post"}],"author":[{"embeddable":true,"href":"https:\/\/www.europesays.com\/fr\/wp-json\/wp\/v2\/users\/2"}],"replies":[{"embeddable":true,"href":"https:\/\/www.europesays.com\/fr\/wp-json\/wp\/v2\/comments?post=43101"}],"version-history":[{"count":0,"href":"https:\/\/www.europesays.com\/fr\/wp-json\/wp\/v2\/posts\/43101\/revisions"}],"wp:featuredmedia":[{"embeddable":true,"href":"https:\/\/www.europesays.com\/fr\/wp-json\/wp\/v2\/media\/43102"}],"wp:attachment":[{"href":"https:\/\/www.europesays.com\/fr\/wp-json\/wp\/v2\/media?parent=43101"}],"wp:term":[{"taxonomy":"category","embeddable":true,"href":"https:\/\/www.europesays.com\/fr\/wp-json\/wp\/v2\/categories?post=43101"},{"taxonomy":"post_tag","embeddable":true,"href":"https:\/\/www.europesays.com\/fr\/wp-json\/wp\/v2\/tags?post=43101"}],"curies":[{"name":"wp","href":"https:\/\/api.w.org\/{rel}","templated":true}]}}