{"id":431012,"date":"2025-10-01T11:36:18","date_gmt":"2025-10-01T11:36:18","guid":{"rendered":"https:\/\/www.europesays.com\/fr\/431012\/"},"modified":"2025-10-01T11:36:18","modified_gmt":"2025-10-01T11:36:18","slug":"ce-rachat-inedit-qui-concerne-directement-les-supporters","status":"publish","type":"post","link":"https:\/\/www.europesays.com\/fr\/431012\/","title":{"rendered":"ce rachat in\u00e9dit qui concerne directement les supporters"},"content":{"rendered":"<p>            Par<br \/>\n        <strong><br \/>\n            <a href=\"https:\/\/actu.fr\/auteur\/metropoop\" title=\"Consulter tous les articles de R\u00e9daction M\u00e9tropolitain\" rel=\"nofollow noopener\" target=\"_blank\">R\u00e9daction M\u00e9tropolitain<\/a><br \/>\n        <\/strong><\/p>\n<p>        Publi\u00e9 le<\/p>\n<p>            1 oct. 2025 \u00e0 12h38<br \/>\n        ; mis \u00e0 jour le 1 oct. 2025 \u00e0 13h29    <\/p>\n<p>Montpellier, <strong>ce mercredi 1er octobre 2025<\/strong>. La nouvelle tombe comme un tournant pour le football f\u00e9minin fran\u00e7ais : le Montpellier HSC F\u00e9minines est d\u00e9sormais la propri\u00e9t\u00e9 de Crux Football. L\u2019annonce officialise le passage de t\u00e9moin entre la famille Nicollin, pionni\u00e8re de la professionnalisation des joueuses en France, et le groupe fond\u00e9 par Bex Smith, figure majeure du ballon rond international.<\/p>\n<p class=\" wall-content\">Cette transaction accorde \u00e0<strong> Crux Football<\/strong> 100 % de la section f\u00e9minine du club. L\u2019op\u00e9ration englobe la gestion sportive, la strat\u00e9gie de d\u00e9veloppement, la croissance commerciale et l\u2019\u00e9largissement de la base de supporters.<\/p>\n<p class=\" wall-content\">Cette annonce a eu lieu lors de la traditionnelle s\u00e9quence de la \u00ab\u00a0photo officielle\u00a0\u00bb des \u00e9quipes masculines et f\u00e9minines du MHSC au stade de la Mosson ce mercredi matin. <strong>Laurent Nicollin<\/strong> a expliqu\u00e9 que cette d\u00e9cision de vendre la section f\u00e9minine \u00ab\u00a0est tr\u00e8s dure \u00e0 supporter mais elle va dans le sens de l\u2019histoire. Car quand on est comp\u00e9titeurs on veut que ses \u00e9quipes aillent le plus loin possible, or on y arrivait plus ces derniers temps\u00a0\u00bb. Et de croire \u00e0 de belles ambitions pour ce nouveau projet : \u00ab\u00a0on les a mises entre de bonnes mains et on esp\u00e8re qu\u2019elles vont progresser et aller au plus haut\u00a0\u00bb.<\/p>\n<p class=\" wall-content\">Premi\u00e8re volont\u00e9 annonc\u00e9e ce matin par Bex Smith et ses \u00e9quipes de Crux Football et qui va dans le sens de cette ambition retrouv\u00e9e : jouer les matchs de D1 \u00e0 La Mosson d\u2019ici quelques mois.\u00a0<\/p>\n<p>Crux Football, une vision internationale<\/p>\n<p class=\" wall-content\">Fond\u00e9e par Bex Smith, ancienne capitaine de la Nouvelle-Z\u00e9lande, championne d\u2019Europe avec Francfort et dirigeante pass\u00e9e par la FIFA, Crux Football veut r\u00e9volutionner le football f\u00e9minin en Europe. Son mod\u00e8le repose sur la multipropri\u00e9t\u00e9 de clubs et la cr\u00e9ation d\u2019une plateforme d\u2019incubation pour acc\u00e9l\u00e9rer la croissance du secteur. \u00ab\u00a0Il ne s\u2019agit pas d\u2019effacer l\u2019histoire riche ou l\u2019ADN remarquable de Montpellier. Il s\u2019agit de respecter, de renforcer et de positionner le club pour un avenir dans lequel le football f\u00e9minin est structur\u00e9 pour prosp\u00e9rer par lui-m\u00eame.\u00a0\u00bb<\/p>\n<p class=\" wall-content\">Le projet s\u2019appuie sur un consortium d\u2019investisseurs issus des mondes du sport, des m\u00e9dias et de l\u2019analyse de donn\u00e9es. Parmi eux, des personnalit\u00e9s influentes comme Cindy Holland, ex-dirigeante de Netflix, et Julie Foudy, double championne du monde avec les \u00c9tats-Unis. Ted Knutson, sp\u00e9cialiste de la data footballistique, Lori Cashman, investisseuse reconnue, et Misha Sher, strat\u00e8ge aupr\u00e8s de marques internationales.<\/p>\n<p>Vid\u00e9os : en ce moment sur ActuH\u00e9ritage et identit\u00e9 montpelli\u00e9rains<\/p>\n<p class=\" wall-content\"><strong>Cr\u00e9\u00e9e en 2001<\/strong> sous l\u2019impulsion de Louis Nicollin, l\u2019\u00e9quipe f\u00e9minine du MHSC a marqu\u00e9 l\u2019histoire de la discipline en France. <strong>Premi\u00e8re section f\u00e9minine<\/strong> rattach\u00e9e \u00e0 un club masculin de haut niveau, elle a d\u00e9croch\u00e9 deux championnats de France, trois Coupes de France et une demi-finale de Ligue des championnes. De Sakina Karchaoui \u00e0 Ma\u00eblle Lakrar, plusieurs internationales fran\u00e7aises sont pass\u00e9es par Grammont. \u00ab\u00a0Depuis 25 ans le football f\u00e9minin fait partie de l\u2019histoire du club. Nous avons remport\u00e9 des titres majeurs, vibr\u00e9 de Grammont \u00e0 Moscou et surtout \u00e9crit de belles pages de l\u2019histoire\u00a0\u00bb, confie Laurent Nicollin, pr\u00e9sident du MHSC, qui passe aujourd\u2019hui le relais.<\/p>\n<p>Votre r\u00e9gion, votre actu !<\/p>\n<p>Recevez chaque jour les infos qui comptent pour vous.<\/p>\n<p>\t<a href=\"https:\/\/actu.fr\/newsletter\" class=\"ac-btn ac-btn--corner ac-btn--medium ac-btn--blue800\" rel=\"nofollow noopener\" target=\"_blank\">S&rsquo;incrire<\/a><\/p>\n<blockquote class=\"ac-article-quote wall-content\">\n<p>\u00ab\u00a0Depuis 25 ans le football f\u00e9minin fait partie de l\u2019histoire du club. Nous avons remport\u00e9 des titres majeurs, vibr\u00e9 de Grammont \u00e0 Moscou et surtout \u00e9crit de belles pages de l\u2019histoire\u00a0\u00bb<\/p>\n<p>    <strong>Laurent Nicollin<\/strong><br \/>\n        Pr\u00e9sident du MHSC    <\/p><\/blockquote>\n<p class=\" wall-content\">Le nouvel organigramme place <strong>Paul Bouffard<\/strong> \u00e0 la t\u00eate du MHSC F\u00e9minines. Sa feuille de route repose sur quatre piliers : ancrage local, valorisation des joueuses, respect de l\u2019h\u00e9ritage et innovation \u00e9conomique. L\u2019entra\u00eeneur Yannick Chandioux se dit pr\u00eat \u00e0 accompagner ce virage. Il salue \u00ab une impulsion nouvelle qui va permettre \u00e0 l\u2019\u00e9quipe de rester ambitieuse \u00bb et se r\u00e9jouit de voir des investisseurs miser sur le football f\u00e9minin fran\u00e7ais. Du c\u00f4t\u00e9 du vestiaire, la capitaine Sonia Ouchene r\u00e9sume l\u2019\u00e9tat d\u2019esprit des joueuses : \u00ab\u00a0Cette signature va am\u00e9liorer les conditions d\u00e9j\u00e0 excellentes. Nous garderons l\u2019exigence pour atteindre les objectifs que m\u00e9rite le MHSC.\u00a0\u00bb<\/p>\n<p class=\" wall-content\">Personnalisez votre actualit\u00e9 en ajoutant vos villes et m\u00e9dias en favori avec <a href=\"https:\/\/moncompte.actu.fr\" title=\"D\u00e9couvez Mon Actu\" rel=\"nofollow noopener\" data-trk=\"{&quot;cta&quot;:{&quot;action&quot;:&quot;https:\\\/\\\/moncompte.actu.fr&quot;,&quot;category&quot;:&quot;mon compte&quot;,&quot;from&quot;:&quot;article footer&quot;,&quot;name&quot;:&quot;Mon actu&quot;,&quot;type&quot;:&quot;cta&quot;}}\" target=\"_blank\">Mon Actu<\/a>.<\/p>\n","protected":false},"excerpt":{"rendered":"Par R\u00e9daction M\u00e9tropolitain Publi\u00e9 le 1 oct. 2025 \u00e0 12h38 ; mis \u00e0 jour le 1 oct. 2025&hellip;\n","protected":false},"author":2,"featured_media":431013,"comment_status":"","ping_status":"","sticky":false,"template":"","format":"standard","meta":{"footnotes":""},"categories":[9599],"tags":[1111,11,1777,674,63,1011,27,463,2208,12,2680,25,517,60],"class_list":{"0":"post-431012","1":"post","2":"type-post","3":"status-publish","4":"format-standard","5":"has-post-thumbnail","7":"category-montpellier","8":"tag-actu","9":"tag-actualites","10":"tag-eu","11":"tag-europe","12":"tag-football","13":"tag-fr","14":"tag-france","15":"tag-mhsc","16":"tag-montpellier","17":"tag-news","18":"tag-occitanie","19":"tag-republique-francaise","20":"tag-sport","21":"tag-sports"},"share_on_mastodon":{"url":"https:\/\/pubeurope.com\/@fr\/115298709416695615","error":""},"_links":{"self":[{"href":"https:\/\/www.europesays.com\/fr\/wp-json\/wp\/v2\/posts\/431012","targetHints":{"allow":["GET"]}}],"collection":[{"href":"https:\/\/www.europesays.com\/fr\/wp-json\/wp\/v2\/posts"}],"about":[{"href":"https:\/\/www.europesays.com\/fr\/wp-json\/wp\/v2\/types\/post"}],"author":[{"embeddable":true,"href":"https:\/\/www.europesays.com\/fr\/wp-json\/wp\/v2\/users\/2"}],"replies":[{"embeddable":true,"href":"https:\/\/www.europesays.com\/fr\/wp-json\/wp\/v2\/comments?post=431012"}],"version-history":[{"count":0,"href":"https:\/\/www.europesays.com\/fr\/wp-json\/wp\/v2\/posts\/431012\/revisions"}],"wp:featuredmedia":[{"embeddable":true,"href":"https:\/\/www.europesays.com\/fr\/wp-json\/wp\/v2\/media\/431013"}],"wp:attachment":[{"href":"https:\/\/www.europesays.com\/fr\/wp-json\/wp\/v2\/media?parent=431012"}],"wp:term":[{"taxonomy":"category","embeddable":true,"href":"https:\/\/www.europesays.com\/fr\/wp-json\/wp\/v2\/categories?post=431012"},{"taxonomy":"post_tag","embeddable":true,"href":"https:\/\/www.europesays.com\/fr\/wp-json\/wp\/v2\/tags?post=431012"}],"curies":[{"name":"wp","href":"https:\/\/api.w.org\/{rel}","templated":true}]}}