{"id":431016,"date":"2025-10-01T11:38:15","date_gmt":"2025-10-01T11:38:15","guid":{"rendered":"https:\/\/www.europesays.com\/fr\/431016\/"},"modified":"2025-10-01T11:38:15","modified_gmt":"2025-10-01T11:38:15","slug":"importante-panne-delectricite-sur-le-plateau-est-de-rouen-une-centaine-dhabitants-impactes","status":"publish","type":"post","link":"https:\/\/www.europesays.com\/fr\/431016\/","title":{"rendered":"Importante panne d&rsquo;\u00e9lectricit\u00e9 sur le plateau Est de Rouen : une centaine d&rsquo;habitants impact\u00e9s"},"content":{"rendered":"<p>Une panne d&rsquo;\u00e9lectricit\u00e9 est survenue, mercredi 1er octobre 2025, vers 10 heures, au Mesnil-Esnard sur le plateau Est de Rouen (Seine-Maritime). Une centaine d&rsquo;habitants sont touch\u00e9s, les \u00e9quipes techniques d&rsquo;Enedis sont sur place et annoncent un retour \u00e0 la normale pour la fin de journ\u00e9e.<\/p>\n<p>\n      La Quotidienne Soci\u00e9t\u00e9\n    <\/p>\n<p>\n      De la vie quotidienne aux grands enjeux, recevez tous les jours les sujets qui font la soci\u00e9t\u00e9 locale, comme la justice, l\u2019\u00e9ducation, la sant\u00e9 et la famille.\n    <\/p>\n<p>    France T\u00e9l\u00e9visions utilise votre adresse e-mail afin de vous envoyer la newsletter \u00ab\u00a0La Quotidienne Soci\u00e9t\u00e9\u00a0\u00bb. Vous pouvez vous d\u00e9sinscrire \u00e0 tout moment via le lien en bas de cette newsletter. <a target=\"_blank\" href=\"https:\/\/www.francetelevisions.fr\/groupe\/confidentialite\/politique-de-confidentialite\/politique-de-confidentialite-de-france-televisions-6503\" rel=\"nofollow noopener\">Notre politique de confidentialit\u00e9<\/a><\/p>\n<p>Depuis 10 heures, mercredi 1er octobre 2025, une centaine d&rsquo;habitants du Mesnil-Esnard sur le plateau Est de Rouen (Seine-Maritime), n&rsquo;a plus d&rsquo;\u00e9lectricit\u00e9.<\/p>\n<p>Il s&rsquo;agit, selon Enedis, d&rsquo;un incident \u00ab\u00a0sur le r\u00e9seau basse tension souterrain de la rue de Paris\u00a0\u00bb. 109 clients sont coup\u00e9s.<\/p>\n<p>\u00ab\u00a0Les \u00e9quipes techniques sont sur place mais n&rsquo;ont pas encore trouv\u00e9 la raison de la panne\u00a0\u00bb, informe Enedis. Un retour \u00e0 la normale est pr\u00e9vu pour \u00ab\u00a0dans la journ\u00e9e, plut\u00f4t fin d&rsquo;apr\u00e8s-midi\u00a0\u00bb.<\/p>\n<p>Plus d&rsquo;informations \u00e0 venir sur France 3 Normandie.<\/p>\n","protected":false},"excerpt":{"rendered":"Une panne d&rsquo;\u00e9lectricit\u00e9 est survenue, mercredi 1er octobre 2025, vers 10 heures, au Mesnil-Esnard sur le plateau Est&hellip;\n","protected":false},"author":2,"featured_media":431017,"comment_status":"","ping_status":"","sticky":false,"template":"","format":"standard","meta":{"footnotes":""},"categories":[9587],"tags":[1111,11,1777,674,1011,27,12,5161,25,9590],"class_list":{"0":"post-431016","1":"post","2":"type-post","3":"status-publish","4":"format-standard","5":"has-post-thumbnail","7":"category-rouen","8":"tag-actu","9":"tag-actualites","10":"tag-eu","11":"tag-europe","12":"tag-fr","13":"tag-france","14":"tag-news","15":"tag-normandie","16":"tag-republique-francaise","17":"tag-rouen"},"share_on_mastodon":{"url":"https:\/\/pubeurope.com\/@fr\/115298717297473491","error":""},"_links":{"self":[{"href":"https:\/\/www.europesays.com\/fr\/wp-json\/wp\/v2\/posts\/431016","targetHints":{"allow":["GET"]}}],"collection":[{"href":"https:\/\/www.europesays.com\/fr\/wp-json\/wp\/v2\/posts"}],"about":[{"href":"https:\/\/www.europesays.com\/fr\/wp-json\/wp\/v2\/types\/post"}],"author":[{"embeddable":true,"href":"https:\/\/www.europesays.com\/fr\/wp-json\/wp\/v2\/users\/2"}],"replies":[{"embeddable":true,"href":"https:\/\/www.europesays.com\/fr\/wp-json\/wp\/v2\/comments?post=431016"}],"version-history":[{"count":0,"href":"https:\/\/www.europesays.com\/fr\/wp-json\/wp\/v2\/posts\/431016\/revisions"}],"wp:featuredmedia":[{"embeddable":true,"href":"https:\/\/www.europesays.com\/fr\/wp-json\/wp\/v2\/media\/431017"}],"wp:attachment":[{"href":"https:\/\/www.europesays.com\/fr\/wp-json\/wp\/v2\/media?parent=431016"}],"wp:term":[{"taxonomy":"category","embeddable":true,"href":"https:\/\/www.europesays.com\/fr\/wp-json\/wp\/v2\/categories?post=431016"},{"taxonomy":"post_tag","embeddable":true,"href":"https:\/\/www.europesays.com\/fr\/wp-json\/wp\/v2\/tags?post=431016"}],"curies":[{"name":"wp","href":"https:\/\/api.w.org\/{rel}","templated":true}]}}