{"id":431021,"date":"2025-10-01T11:41:17","date_gmt":"2025-10-01T11:41:17","guid":{"rendered":"https:\/\/www.europesays.com\/fr\/431021\/"},"modified":"2025-10-01T11:41:17","modified_gmt":"2025-10-01T11:41:17","slug":"ja-bretagne-et-frsea-reclament-un-plan-danticipation","status":"publish","type":"post","link":"https:\/\/www.europesays.com\/fr\/431021\/","title":{"rendered":"JA Bretagne et FRSEA r\u00e9clament un plan d\u2019anticipation"},"content":{"rendered":"<p>            Par<br \/>\n        <strong><br \/>\n            <a href=\"https:\/\/actu.fr\/auteur\/redaction-terra\" title=\"Consulter tous les articles de R\u00e9daction Terra\" target=\"_blank\" rel=\"noopener\">R\u00e9daction Terra<\/a><br \/>\n        <\/strong><\/p>\n<p>        Publi\u00e9 le<\/p>\n<p>            1 oct. 2025 \u00e0 12h06        <\/p>\n<p>Face aux <b>menaces sanitaires<\/b> qui p\u00e8sent sur les <b>\u00e9levages<\/b>, les <b>Jeunes Agriculteurs (JA)<\/b> et la <b>FRSEA Bretagne<\/b> demandent \u00e0 l\u2019\u00c9tat de coordonner d\u00e8s maintenant un v\u00e9ritable <b>plan d\u2019anticipation<\/b>. \u00ab\u2009Vu la densit\u00e9 et la concentration des \u00e9levages dans le Grand Ouest, si la dermatose ou d\u2019autres maladies \u00e9mergent, il faut absolument \u00eatre pr\u00eats \u00e0 vacciner et \u00e0 agir vite\u2009\u00bb, alerte <b>Charles Foss\u00e9, pr\u00e9sident de JA Bretagne<\/b>.<\/p>\n<p>Un plan coordonn\u00e9 pour la s\u00e9curit\u00e9 sanitaire<\/p>\n<p class=\" wall-content\">Dans leur communiqu\u00e9, les syndicats rappellent que la s\u00e9curit\u00e9 sanitaire est \u00ab\u2009primordiale pour assurer l\u2019avenir des \u00e9levages et la production alimentaire\u2009\u00bb. Ils demandent que l\u2019\u00c9tat engage sans d\u00e9lai une concertation avec tous les acteurs \u2013 v\u00e9t\u00e9rinaires, organisations sanitaires, fili\u00e8res \u2013 pour pr\u00e9parer des solutions op\u00e9rationnelles \u00e0 court, moyen et long terme.<\/p>\n<p class=\" wall-content\">Cela implique notamment des<b> stocks de vaccins<\/b>, la <b>formation des professionnels<\/b> et des <b>protocoles de r\u00e9action rapid<\/b>e face aux \u00e9pizooties.<\/p>\n<p>Une responsabilit\u00e9 collective<\/p>\n<p class=\" wall-content\">Pour Charles Foss\u00e9, l\u2019enjeu est autant collectif qu\u2019individuel\u2009: \u00ab\u2009Ces \u00e9pizooties peuvent \u00eatre de v\u00e9ritables catastrophes personnelles et \u00e9conomiques. Quand on voit les d\u00e9g\u00e2ts, on mesure l\u2019incapacit\u00e9 parfois \u00e0 recr\u00e9er des troupeaux. C\u2019est une responsabilit\u00e9 collective que nous avons.\u2009\u00bb<\/p>\n<p>Des vaccins disponibles et accessibles<\/p>\n<p class=\" wall-content\">JA Bretagne et FRSEA insistent aussi sur l\u2019urgence de rendre les vaccins disponibles et abordables, avec une prise en charge partielle par l\u2019\u00c9tat. Mais la fili\u00e8re doit aussi s\u2019organiser elle-m\u00eame. \u00ab\u2009Il faut former les \u00e9leveurs \u00e0 vacciner eux-m\u00eames, pour que nous soyons de plus en plus r\u00e9actifs\u2009\u00bb, plaide Charles Foss\u00e9.<\/p>\n<p>Vid\u00e9os : en ce moment sur ActuUne communication partag\u00e9e<\/p>\n<p class=\" wall-content\">Au-del\u00e0 des mesures techniques, JA et FRSEA appellent \u00e0 travailler d\u00e8s maintenant des messages communs avec les organisations sanitaires et v\u00e9t\u00e9rinaires, notamment en pr\u00e9vision de la prochaine campagne vaccinale contre la FCO et la MHE. \u00ab\u2009Tous les moyens doivent \u00eatre mis sur la table pour faire face. Ce n\u2019est pas seulement une question individuelle mais bien une organisation collective \u00e0 construire\u2009\u00bb, conclut Charles Foss\u00e9.<\/p>\n<p class=\" wall-content\">Personnalisez votre actualit\u00e9 en ajoutant vos villes et m\u00e9dias en favori avec <a href=\"https:\/\/moncompte.actu.fr\" title=\"D\u00e9couvez Mon Actu\" rel=\"nofollow noopener\" data-trk=\"{&quot;cta&quot;:{&quot;action&quot;:&quot;https:\\\/\\\/moncompte.actu.fr&quot;,&quot;category&quot;:&quot;mon compte&quot;,&quot;from&quot;:&quot;article footer&quot;,&quot;name&quot;:&quot;Mon actu&quot;,&quot;type&quot;:&quot;cta&quot;}}\" target=\"_blank\">Mon Actu<\/a>.<\/p>\n","protected":false},"excerpt":{"rendered":"Par R\u00e9daction Terra Publi\u00e9 le 1 oct. 2025 \u00e0 12h06 Face aux menaces sanitaires qui p\u00e8sent sur les&hellip;\n","protected":false},"author":2,"featured_media":431022,"comment_status":"","ping_status":"","sticky":false,"template":"","format":"standard","meta":{"footnotes":""},"categories":[2821],"tags":[1111,11,327,829,33,434,1777,674,1011,27,12,584,25],"class_list":{"0":"post-431021","1":"post","2":"type-post","3":"status-publish","4":"format-standard","5":"has-post-thumbnail","7":"category-rennes","8":"tag-actu","9":"tag-actualites","10":"tag-agriculture","11":"tag-bretagne","12":"tag-economie","13":"tag-epidemie","14":"tag-eu","15":"tag-europe","16":"tag-fr","17":"tag-france","18":"tag-news","19":"tag-rennes","20":"tag-republique-francaise"},"share_on_mastodon":{"url":"https:\/\/pubeurope.com\/@fr\/115298729034001276","error":""},"_links":{"self":[{"href":"https:\/\/www.europesays.com\/fr\/wp-json\/wp\/v2\/posts\/431021","targetHints":{"allow":["GET"]}}],"collection":[{"href":"https:\/\/www.europesays.com\/fr\/wp-json\/wp\/v2\/posts"}],"about":[{"href":"https:\/\/www.europesays.com\/fr\/wp-json\/wp\/v2\/types\/post"}],"author":[{"embeddable":true,"href":"https:\/\/www.europesays.com\/fr\/wp-json\/wp\/v2\/users\/2"}],"replies":[{"embeddable":true,"href":"https:\/\/www.europesays.com\/fr\/wp-json\/wp\/v2\/comments?post=431021"}],"version-history":[{"count":0,"href":"https:\/\/www.europesays.com\/fr\/wp-json\/wp\/v2\/posts\/431021\/revisions"}],"wp:featuredmedia":[{"embeddable":true,"href":"https:\/\/www.europesays.com\/fr\/wp-json\/wp\/v2\/media\/431022"}],"wp:attachment":[{"href":"https:\/\/www.europesays.com\/fr\/wp-json\/wp\/v2\/media?parent=431021"}],"wp:term":[{"taxonomy":"category","embeddable":true,"href":"https:\/\/www.europesays.com\/fr\/wp-json\/wp\/v2\/categories?post=431021"},{"taxonomy":"post_tag","embeddable":true,"href":"https:\/\/www.europesays.com\/fr\/wp-json\/wp\/v2\/tags?post=431021"}],"curies":[{"name":"wp","href":"https:\/\/api.w.org\/{rel}","templated":true}]}}