{"id":431025,"date":"2025-10-01T11:43:13","date_gmt":"2025-10-01T11:43:13","guid":{"rendered":"https:\/\/www.europesays.com\/fr\/431025\/"},"modified":"2025-10-01T11:43:13","modified_gmt":"2025-10-01T11:43:13","slug":"orelsan-rajoute-une-date-a-strasbourg-pour-sa-tournee-2026-ce-quil-faut-savoir","status":"publish","type":"post","link":"https:\/\/www.europesays.com\/fr\/431025\/","title":{"rendered":"Orelsan rajoute une date \u00e0 Strasbourg pour sa tourn\u00e9e 2026 : ce qu&rsquo;il faut savoir"},"content":{"rendered":"<p>            Par<br \/>\n        <strong><br \/>\n            <a href=\"https:\/\/actu.fr\/auteur\/ivan-capecchi\" title=\"Consulter tous les articles de Ivan CAPECCHI\" rel=\"nofollow noopener\" target=\"_blank\">Ivan CAPECCHI<\/a><br \/>\n        <\/strong><\/p>\n<p>        Publi\u00e9 le<\/p>\n<p>            1 oct. 2025 \u00e0 12h41        <\/p>\n<p>Ce mercredi sur X, <a href=\"https:\/\/actu.fr\/tag\/orelsan\" rel=\"nofollow noopener\" target=\"_blank\">Orelsan<\/a>, qui a annonc\u00e9 quelques jours plus t\u00f4t <strong>repartir en tourn\u00e9e en 2026<\/strong>, a indiqu\u00e9 ajouter <strong>\u00ab\u200910 nouvelles dates\u2009\u00bb<\/strong> \u00e0 celle-ci, la plupart \u00e9tant d\u00e9j\u00e0 \u00ab\u2009sold out\u2009\u00bb.<\/p>\n<p class=\" wall-content\">Le rappeur originaire de <a href=\"https:\/\/actu.fr\/normandie\/caen_14118\/billetterie-epuisee-pour-les-3-concerts-dorelsan-a-caen-des-places-vont-elles-etre-remises-en-vente_63233373.html\" rel=\"nofollow noopener\" target=\"_blank\">Caen<\/a>, qui a d\u00e9j\u00e0 pr\u00e9vu de se produire <a href=\"https:\/\/actu.fr\/grand-est\/strasbourg_67482\/orelsan-devoile-les-dates-de-sa-tournee-2026-voici-quand-il-passera-au-zenith-de-strasbourg_63227299.html\" rel=\"nofollow noopener\" target=\"_blank\">le 29\u00a0janvier 2026 au Z\u00e9nith de Strasbourg<\/a>, remettra \u00e7a<strong> le lendemain<\/strong>, toujours au Z\u00e9nith.<\/p>\n<p class=\" wall-content\">\n<p>Orelsan encha\u00eenera dix Bercy pour sa tourn\u00e9e 2026<\/p>\n<p class=\" wall-content\">Lors de sa <strong>tourn\u00e9e 2026<\/strong>, Orelsan, dont le dernier album Civilisation a \u00e9t\u00e9 <strong>certifi\u00e9 disque de diamant<\/strong>, pr\u00e9voit de faire <a href=\"https:\/\/actu.fr\/normandie\/caen_14118\/orelsan-va-faire-10-concerts-a-bercy-daffilee-le-rappeur-de-caen-etablit-il-un-nouveau-record_63232083.html\" rel=\"nofollow noopener\" target=\"_blank\">dix fois de suite l\u2019Accor Arena de Bercy<\/a>, \u00e0 Paris.<\/p>\n<p class=\" wall-content\">En septembre, le rappeur avait d\u00e9j\u00e0 fait parler de lui en d\u00e9voilant la <a href=\"https:\/\/actu.fr\/normandie\/caen_14118\/video-orelsan-devoile-la-bande-annonce-officielle-de-yoroi-son-nouveau-film-tres-attendu_63168147.html\" rel=\"nofollow noopener\" target=\"_blank\">bande-annonce officielle de son prochain film, Yoro\u00ef<\/a>.<\/p>\n<p class=\" wall-content\">Personnalisez votre actualit\u00e9 en ajoutant vos villes et m\u00e9dias en favori avec <a href=\"https:\/\/moncompte.actu.fr\" title=\"D\u00e9couvez Mon Actu\" rel=\"nofollow noopener\" data-trk=\"{&quot;cta&quot;:{&quot;action&quot;:&quot;https:\\\/\\\/moncompte.actu.fr&quot;,&quot;category&quot;:&quot;mon compte&quot;,&quot;from&quot;:&quot;article footer&quot;,&quot;name&quot;:&quot;Mon actu&quot;,&quot;type&quot;:&quot;cta&quot;}}\" target=\"_blank\">Mon Actu<\/a>.<\/p>\n","protected":false},"excerpt":{"rendered":"Par Ivan CAPECCHI Publi\u00e9 le 1 oct. 2025 \u00e0 12h41 Ce mercredi sur X, Orelsan, qui a annonc\u00e9&hellip;\n","protected":false},"author":2,"featured_media":431026,"comment_status":"","ping_status":"","sticky":false,"template":"","format":"standard","meta":{"footnotes":""},"categories":[2820],"tags":[1111,11,1697,1777,674,1011,27,775,1652,12,21953,25,640],"class_list":{"0":"post-431025","1":"post","2":"type-post","3":"status-publish","4":"format-standard","5":"has-post-thumbnail","7":"category-strasbourg","8":"tag-actu","9":"tag-actualites","10":"tag-concert","11":"tag-eu","12":"tag-europe","13":"tag-fr","14":"tag-france","15":"tag-grand-est","16":"tag-loisirs-culture","17":"tag-news","18":"tag-orelsan","19":"tag-republique-francaise","20":"tag-strasbourg"},"share_on_mastodon":{"url":"https:\/\/pubeurope.com\/@fr\/115298736950379529","error":""},"_links":{"self":[{"href":"https:\/\/www.europesays.com\/fr\/wp-json\/wp\/v2\/posts\/431025","targetHints":{"allow":["GET"]}}],"collection":[{"href":"https:\/\/www.europesays.com\/fr\/wp-json\/wp\/v2\/posts"}],"about":[{"href":"https:\/\/www.europesays.com\/fr\/wp-json\/wp\/v2\/types\/post"}],"author":[{"embeddable":true,"href":"https:\/\/www.europesays.com\/fr\/wp-json\/wp\/v2\/users\/2"}],"replies":[{"embeddable":true,"href":"https:\/\/www.europesays.com\/fr\/wp-json\/wp\/v2\/comments?post=431025"}],"version-history":[{"count":0,"href":"https:\/\/www.europesays.com\/fr\/wp-json\/wp\/v2\/posts\/431025\/revisions"}],"wp:featuredmedia":[{"embeddable":true,"href":"https:\/\/www.europesays.com\/fr\/wp-json\/wp\/v2\/media\/431026"}],"wp:attachment":[{"href":"https:\/\/www.europesays.com\/fr\/wp-json\/wp\/v2\/media?parent=431025"}],"wp:term":[{"taxonomy":"category","embeddable":true,"href":"https:\/\/www.europesays.com\/fr\/wp-json\/wp\/v2\/categories?post=431025"},{"taxonomy":"post_tag","embeddable":true,"href":"https:\/\/www.europesays.com\/fr\/wp-json\/wp\/v2\/tags?post=431025"}],"curies":[{"name":"wp","href":"https:\/\/api.w.org\/{rel}","templated":true}]}}