{"id":431032,"date":"2025-10-01T11:47:13","date_gmt":"2025-10-01T11:47:13","guid":{"rendered":"https:\/\/www.europesays.com\/fr\/431032\/"},"modified":"2025-10-01T11:47:13","modified_gmt":"2025-10-01T11:47:13","slug":"une-serie-documentaire-sur-le-jardin-des-plantes-a-nantes-diffusee-sur-france-3","status":"publish","type":"post","link":"https:\/\/www.europesays.com\/fr\/431032\/","title":{"rendered":"Une s\u00e9rie documentaire sur le Jardin des plantes \u00e0 Nantes, diffus\u00e9e sur France 3"},"content":{"rendered":"<p>Plus de deux millions de visiteurs le fr\u00e9quentent chaque ann\u00e9e et pourtant, <a href=\"https:\/\/nantes.maville.com\/actu\/actudet_-arbres-majestueux-sculptures...-un-musee-a-ciel-ouvert-au-jardin-des-plantes-a-nantes-_52716-6766592_actu.Htm\" target=\"_self\" rel=\"noopener\">le Jardin des plantes,<\/a> \u00e0 Nantes, reste encore m\u00e9connu et m\u00e9rite qu\u2019on le regarde de plus pr\u00e8s.<\/p>\n<p>\u00c0 d\u00e9couvrir sur france.tv<\/p>\n<p>Thomas Rault, r\u00e9alisateur nantais, l\u2019a fait. Il a plant\u00e9 sa cam\u00e9ra dans le jardin proche de la gare de Nantes pour l\u2019explorer sous toutes les coutures. Pendant un an, il a film\u00e9 ce patrimoine v\u00e9g\u00e9tal incomparable, et suivi ceux et celles \u2013 jardiniers, \u00e9lagueurs, botanistes \u2013 qui sont aux petits soins pour lui.<\/p>\n<p>Il a r\u00e9alis\u00e9 une s\u00e9rie documentaire de huit \u00e9pisodes de 25\u00a0minutes, \u00e0 d\u00e9couvrir ce dimanche 5\u00a0octobre, \u00e0 partir de 12\u00a0h\u00a055, sur France 3 ou <a href=\"https:\/\/www.france.tv\/france-3\/pays-de-la-loire\/jardin-public\/\" target=\"_blank\" rel=\"noopener\">sur la plateforme france.tv<\/a>, o\u00f9 il est d\u2019ores et d\u00e9j\u00e0 disponible.<\/p>\n<p>\u00a0<\/p>\n","protected":false},"excerpt":{"rendered":"Plus de deux millions de visiteurs le fr\u00e9quentent chaque ann\u00e9e et pourtant, le Jardin des plantes, \u00e0 Nantes,&hellip;\n","protected":false},"author":2,"featured_media":431033,"comment_status":"","ping_status":"","sticky":false,"template":"","format":"standard","meta":{"footnotes":""},"categories":[2818],"tags":[19020,1111,11,15921,1190,1777,674,1011,27,3354,766,12,2636,4896,25,521],"class_list":{"0":"post-431032","1":"post","2":"type-post","3":"status-publish","4":"format-standard","5":"has-post-thumbnail","7":"category-nantes","8":"tag-19020","9":"tag-actu","10":"tag-actualites","11":"tag-diffusee","12":"tag-documentaire","13":"tag-eu","14":"tag-europe","15":"tag-fr","16":"tag-france","17":"tag-jardin","18":"tag-nantes","19":"tag-news","20":"tag-pays-de-la-loire","21":"tag-plantes","22":"tag-republique-francaise","23":"tag-serie"},"share_on_mastodon":{"url":"https:\/\/pubeurope.com\/@fr\/115298752600009026","error":""},"_links":{"self":[{"href":"https:\/\/www.europesays.com\/fr\/wp-json\/wp\/v2\/posts\/431032","targetHints":{"allow":["GET"]}}],"collection":[{"href":"https:\/\/www.europesays.com\/fr\/wp-json\/wp\/v2\/posts"}],"about":[{"href":"https:\/\/www.europesays.com\/fr\/wp-json\/wp\/v2\/types\/post"}],"author":[{"embeddable":true,"href":"https:\/\/www.europesays.com\/fr\/wp-json\/wp\/v2\/users\/2"}],"replies":[{"embeddable":true,"href":"https:\/\/www.europesays.com\/fr\/wp-json\/wp\/v2\/comments?post=431032"}],"version-history":[{"count":0,"href":"https:\/\/www.europesays.com\/fr\/wp-json\/wp\/v2\/posts\/431032\/revisions"}],"wp:featuredmedia":[{"embeddable":true,"href":"https:\/\/www.europesays.com\/fr\/wp-json\/wp\/v2\/media\/431033"}],"wp:attachment":[{"href":"https:\/\/www.europesays.com\/fr\/wp-json\/wp\/v2\/media?parent=431032"}],"wp:term":[{"taxonomy":"category","embeddable":true,"href":"https:\/\/www.europesays.com\/fr\/wp-json\/wp\/v2\/categories?post=431032"},{"taxonomy":"post_tag","embeddable":true,"href":"https:\/\/www.europesays.com\/fr\/wp-json\/wp\/v2\/tags?post=431032"}],"curies":[{"name":"wp","href":"https:\/\/api.w.org\/{rel}","templated":true}]}}