{"id":431038,"date":"2025-10-01T11:50:12","date_gmt":"2025-10-01T11:50:12","guid":{"rendered":"https:\/\/www.europesays.com\/fr\/431038\/"},"modified":"2025-10-01T11:50:12","modified_gmt":"2025-10-01T11:50:12","slug":"video-elle-a-sauve-sa-fille-de-lexcision-grace-aux-orchidees-rouges-a-bordeaux","status":"publish","type":"post","link":"https:\/\/www.europesays.com\/fr\/431038\/","title":{"rendered":"Vid\u00e9o. Elle a sauv\u00e9 sa fille de l\u2019excision gr\u00e2ce aux Orchid\u00e9es rouges \u00e0 Bordeaux"},"content":{"rendered":"<p>\u00ab\u00a0Je n\u2019ai pas accept\u00e9 qu\u2019elle soit excis\u00e9e. J\u2019ai lutt\u00e9 contre tout le monde.\u00a0\u00bb Florence a quitt\u00e9 la C\u00f4te d\u2019Ivoire pour se r\u00e9fugier en France, et sauver sa fille de 14\u00a0ans menac\u00e9e de mutilations g\u00e9nitales. Issue de l\u2019est de la C\u00f4te d\u2019Ivoire, une r\u00e9gion o\u00f9 l\u2019excision est peu r\u00e9pandue, elle s\u2019est oppos\u00e9e \u00e0 la famille paternelle de sa fille, originaire du nord, o\u00f9 cette pratique est encore courante. La rupture familiale a \u00e9t\u00e9 brutale, mais n\u00e9cessaire.<\/p>\n<p>Depuis, Florence et sa fille, habitantes de P\u00e9rigueux, sont suivies par l\u2019association <a href=\"https:\/\/lesorchideesrouges.org\/\" target=\"_blank\" rel=\"nofollow noopener\">Les Orchid\u00e9es rouges \u00e0 Bordeaux<\/a>, fond\u00e9e en 2017 par <a href=\"https:\/\/www.sudouest.fr\/gironde\/bordeaux\/l-excision-ne-concerne-pas-que-les-africaines-a-bordeaux-plus-de-200-victimes-sont-suivies-par-les-orchidees-rouges-18942105.php\" target=\"_blank\" rel=\"follow nofollow noopener\">Marie-Claire Koulibaly-Moraldo<\/a>. Pr\u00e9sente aussi \u00e0 Lyon et Abidjan, elle est la premi\u00e8re et seule structure sp\u00e9cialis\u00e9e dans l\u2019accompagnement global et gratuit des femmes victimes de mutilations sexuelles f\u00e9minines (MSF) et\u00a0\/\u00a0ou de mariage forc\u00e9. Depuis 2020, plus de 1\u00a0200\u00a0femmes et filles y ont \u00e9t\u00e9 accompagn\u00e9es.<\/p>\n<p>Pression<\/p>\n<p>L\u2019excision est une forme de mutilation g\u00e9nitale f\u00e9minine consistant en l\u2019ablation du clitoris, des petites ou grandes l\u00e8vres, ou encore en la fermeture partielle ou totale de l\u2019orifice vaginal. Il s\u2019agit d\u2019une pratique profond\u00e9ment ancr\u00e9e culturellement, souvent r\u00e9alis\u00e9e de mani\u00e8re clandestine.<\/p>\n<blockquote><p>\u00ab\u00a0\u00c0 un moment, j\u2019\u00e9tais d\u00e9sesp\u00e9r\u00e9e, je me suis dit\u00a0: \u2018\u2018peut-\u00eatre que c\u2019est moi qui ai tort\u2019\u2019\u00a0\u00bb<\/p><\/blockquote>\n<p>Sous la pression familiale, Florence a vu sa fille vaciller. Un jour, celle-ci lui a confi\u00e9\u00a0: \u00ab\u00a0Si nous devons nous s\u00e9parer de toute notre famille, alors je pr\u00e9f\u00e8re \u00eatre excis\u00e9e.\u00a0\u00bb Ce n\u2019est qu\u2019apr\u00e8s un suivi avec la psychologue des Orchid\u00e9es qu\u2019elle a pleinement pris conscience des enjeux. Cette m\u00e8re a aussi connu le doute\u00a0: \u00ab\u00a0\u00c0 un moment, j\u2019\u00e9tais d\u00e9sesp\u00e9r\u00e9e, je me suis dit\u00a0: \u2018\u2018peut-\u00eatre que c\u2019est moi qui ai tort\u2019\u2019.\u00a0\u00bb Elle a puis\u00e9 sa force pour r\u00e9sister gr\u00e2ce au soutien de l\u2019association et, aujourd\u2019hui, elle confie avec \u00e9motion\u00a0: \u00ab\u00a0Je suis fi\u00e8re de voir ma fille \u00e9panouie.\u00a0\u00bb<\/p>\n<p>Multiples traumatismes<\/p>\n<p>L\u2019association intervient autour de trois axes\u00a0: la pr\u00e9vention, le plaidoyer, et un accompagnement holistique et gratuit. \u00c0 Bordeaux, une \u00e9quipe pluridisciplinaire \u2013 compos\u00e9e notamment d\u2019une psychologue, d\u2019une m\u00e9decin g\u00e9n\u00e9raliste et d\u2019une sexologue \u2013 assure un suivi des b\u00e9n\u00e9ficiaires, \u00e0 travers des entretiens individuels ou des groupes de parole. Un accompagnement sp\u00e9cifique est \u00e9galement propos\u00e9 aux femmes souhaitant b\u00e9n\u00e9ficier d\u2019une chirurgie r\u00e9paratrice, ce qui concerne environ 5\u00a0% des cas.<\/p>\n<p>Ces femmes, qu\u2019elles vivent en France ou qu\u2019elles aient fui leur pays d\u2019origine, ont travers\u00e9 de multiples traumatismes\u00a0: troubles de stress post-traumatique, \u00e9tats d\u00e9pressifs, perte d\u2019estime de soi\u2026 \u00c0 Bordeaux, la liste d\u2019attente d\u00e9borde de demandes. \u00ab\u00a0Certaines femmes vont venir ici parce qu\u2019elles ont besoin d\u2019un lieu o\u00f9 elles peuvent parler en s\u00e9curit\u00e9, sans la crainte d\u2019\u00eatre jug\u00e9es. Nous allons les aider \u00e0 reprendre confiance en elles, \u00e0 retrouver un sentiment de paix\u00a0\u00bb, explique C\u00e9line Marcadet, psychologue dans la structure bordelaise. \u00ab\u00a0Ce sont des suivis longs. Mais il y a des femmes qui arrivent \u00e0 se reconstruire, bien \u00e9videmment.\u00a0\u00bb<\/p>\n","protected":false},"excerpt":{"rendered":"\u00ab\u00a0Je n\u2019ai pas accept\u00e9 qu\u2019elle soit excis\u00e9e. J\u2019ai lutt\u00e9 contre tout le monde.\u00a0\u00bb Florence a quitt\u00e9 la C\u00f4te&hellip;\n","protected":false},"author":2,"featured_media":431039,"comment_status":"","ping_status":"","sticky":false,"template":"","format":"standard","meta":{"footnotes":""},"categories":[2817],"tags":[1111,11,1997,1777,674,1011,27,12,2219,25],"class_list":{"0":"post-431038","1":"post","2":"type-post","3":"status-publish","4":"format-standard","5":"has-post-thumbnail","7":"category-bordeaux","8":"tag-actu","9":"tag-actualites","10":"tag-bordeaux","11":"tag-eu","12":"tag-europe","13":"tag-fr","14":"tag-france","15":"tag-news","16":"tag-nouvelle-aquitaine","17":"tag-republique-francaise"},"share_on_mastodon":{"url":"https:\/\/pubeurope.com\/@fr\/115298764381454945","error":""},"_links":{"self":[{"href":"https:\/\/www.europesays.com\/fr\/wp-json\/wp\/v2\/posts\/431038","targetHints":{"allow":["GET"]}}],"collection":[{"href":"https:\/\/www.europesays.com\/fr\/wp-json\/wp\/v2\/posts"}],"about":[{"href":"https:\/\/www.europesays.com\/fr\/wp-json\/wp\/v2\/types\/post"}],"author":[{"embeddable":true,"href":"https:\/\/www.europesays.com\/fr\/wp-json\/wp\/v2\/users\/2"}],"replies":[{"embeddable":true,"href":"https:\/\/www.europesays.com\/fr\/wp-json\/wp\/v2\/comments?post=431038"}],"version-history":[{"count":0,"href":"https:\/\/www.europesays.com\/fr\/wp-json\/wp\/v2\/posts\/431038\/revisions"}],"wp:featuredmedia":[{"embeddable":true,"href":"https:\/\/www.europesays.com\/fr\/wp-json\/wp\/v2\/media\/431039"}],"wp:attachment":[{"href":"https:\/\/www.europesays.com\/fr\/wp-json\/wp\/v2\/media?parent=431038"}],"wp:term":[{"taxonomy":"category","embeddable":true,"href":"https:\/\/www.europesays.com\/fr\/wp-json\/wp\/v2\/categories?post=431038"},{"taxonomy":"post_tag","embeddable":true,"href":"https:\/\/www.europesays.com\/fr\/wp-json\/wp\/v2\/tags?post=431038"}],"curies":[{"name":"wp","href":"https:\/\/api.w.org\/{rel}","templated":true}]}}