{"id":431040,"date":"2025-10-01T11:51:10","date_gmt":"2025-10-01T11:51:10","guid":{"rendered":"https:\/\/www.europesays.com\/fr\/431040\/"},"modified":"2025-10-01T11:51:10","modified_gmt":"2025-10-01T11:51:10","slug":"toulouse-plusieurs-portions-du-peripherique-fermees-durant-les-nuits-du-mois-doctobre-voici-lesquelles","status":"publish","type":"post","link":"https:\/\/www.europesays.com\/fr\/431040\/","title":{"rendered":"Toulouse. Plusieurs portions du p\u00e9riph\u00e9rique ferm\u00e9es durant les nuits du mois d&rsquo;octobre : voici lesquelles"},"content":{"rendered":"<p>            Par<br \/>\n        <strong><br \/>\n            <a href=\"https:\/\/actu.fr\/auteur\/lea-afonso\" title=\"Consulter tous les articles de L\u00e9a Afonso\" target=\"_blank\" rel=\"noopener\">L\u00e9a Afonso<\/a><br \/>\n        <\/strong><\/p>\n<p>        Publi\u00e9 le<\/p>\n<p>            1 oct. 2025 \u00e0 13h08        <\/p>\n<p>Un nouveau mois d\u00e9bute et il s\u2019accompagne des habituelles <strong>fermetures de p\u00e9riph\u00e9rique <\/strong>\u00e0\u00a0<a href=\"https:\/\/actu.fr\/toulouse\/\" target=\"_blank\" rel=\"noopener\">Toulouse<\/a>. Ces derni\u00e8res, majoritairement de <strong>nuit<\/strong>, sont assez fr\u00e9quentes\u2009: elles permettent de proc\u00e9der \u00e0 des travaux et au bon entretien des routes. Voici les portions concern\u00e9es pour octobre\u00a02025.<\/p>\n<p>Le p\u00e9riph\u00e9rique perturb\u00e9<\/p>\n<p class=\" wall-content\">Il faudra ajuster ses d\u00e9placements en soir\u00e9e au cours du mois d\u2019octobre\u00a02025. En effet, le p\u00e9riph\u00e9rique de la Ville rose va \u00eatre quelque peu perturb\u00e9 en connaissant des <strong>fermetures<\/strong>.<\/p>\n<p class=\" wall-content\">Elles seront au pr\u00e9alable \u00ab<strong>\u2009annonc\u00e9es<\/strong> la veille sur les<strong> panneaux \u00e0 messages variables<\/strong> implant\u00e9s le long des VSA et l\u2019information sera \u00e9galement accessible en temps r\u00e9el sur le site de Bison Fut\u00e9. Les itin\u00e9raires de d\u00e9viation seront jalonn\u00e9s pour que les usagers puissent poursuivre leur trajet\u2009\u00bb, indique la direction des routes du Sud-Ouest (DIRSO).<\/p>\n<p>Voici les fermetures de programm\u00e9es\u2009:<\/p>\n<ul class=\" wall-content\">\n<li><strong>nuit du 30\/09\/25 au 01\/10\/25\u2009:<\/strong> fermeture dans l\u2019\u00e9changeur de St-Martin-du-Touch\u2009:<br \/>\u2013 de la bretelle de liaison de la M901 sens ext\u00e9rieur vers A624 sens entrant (vers Toulouse)<br \/>\u2013 de la bretelle de liaison de l\u2019A624 sens entrant vers la M901 sens int\u00e9rieur (vers Blagnac)<br \/><strong>La raison\u2009:<\/strong> des travaux de r\u00e9paration du pont OA7 de l\u2019\u00e9changeur de St-Martin du-Touch (A624\/M901)<\/li>\n<li><strong>nuits du 01\/10\/25 au 02\/10\/25 et du 02\/10\/25 au 03\/10\/25<\/strong>\u2009: fermeture de l\u2019A624 et RN124 sens sortant entre l\u2019\u00e9changeur de St-Martin-du-Touch et l\u2019\u00e9changeur de Colomiers Centre<br \/><strong>La raison\u2009:<\/strong> Travaux d\u2019entretien courant en r\u00e9gie et avec sous-traitance (fauchage, hydrocurage des caniveaux, \u00e9lagage des arbres, balayage des chauss\u00e9es\u2026)<\/li>\n<li><strong>nuits du 06\/10\/25 au 07\/10\/25\u00a0et du 07\/10\/25 08\/10\/25\u2009:<\/strong> fermeture des bretelles de sortie \u00e0 l\u2019\u00e9changeur d\u2019Empalot sur A620 sens int\u00e9rieur et ext\u00e9rieur<br \/><strong>La raison\u2009:<\/strong> travaux de renouvellement des chauss\u00e9es dans les bretelles concern\u00e9es<\/li>\n<li><strong>nuits du 06\/10\/25 au 07\/10\/25\u00a0et du 07\/10\/25 08\/10\/25\u2009:<\/strong> fermeture de l\u2019A624 sens entrant (vers Toulouse) entre l\u2019\u00e9changeur de la Crabe (A624\/M980) et l\u2019\u00e9changeur de Baylac<br \/>\u2013 Fermeture dans l\u2019\u00e9changeur de St-Martin-du-Touch de la bretelle de liaison de la M901 sens ext\u00e9rieur vers A624 sens entrant (vers Toulouse)<br \/><strong>La raison\u2009:<\/strong> travaux de r\u00e9paration du pont OA7 de l\u2019\u00e9changeur de St-Martin du-Touch<\/li>\n<li><strong>nuits du 08\/10\/25 au 09\/10\/25 et du 09\/10\/25 au 10\/10\/25\u2009:<\/strong> fermeture de l\u2019A624 sens entrant entre Colomiers Est et l\u2019\u00e9changeur de St-Martin-du-Touch<br \/><strong>La raison\u2009:<\/strong> Travaux d\u2019entretien courant en r\u00e9gie<\/li>\n<li><strong>nuit du 08\/10\/25 au 09\/10\/25\u2009:<\/strong> fermeture dans l\u2019\u00e9changeur de Baylac de la bretelle d\u2019entr\u00e9e sur l\u2019A624 sens sortant (direction d\u2019Auch)<br \/>\u2013 Fermeture dans l\u2019\u00e9changeur de St-Martin-du-Touch\u2009:<br \/>\u2022 de la bretelle de liaison de l\u2019A624 sens sortant vers la M901 sens int\u00e9rieur (direction Blagnac)<br \/>\u2022 de la bretelle de liaison de la M901 sens ext\u00e9rieur vers l\u2019A624 sens entrant (vers Toulouse)<br \/><strong>La raison\u2009:<\/strong> travaux de r\u00e9paration du pont OA7 de l\u2019\u00e9changeur de St-Martin du-Touch<br \/>(A624\/M901)<\/li>\n<li><strong>nuit du 09\/10\/25 au 10\/10\/25\u2009:<\/strong> fermeture dans l\u2019\u00e9changeur de St-Martin-du-Touch\u2009:<br \/>\u2022 de la bretelle de liaison de l\u2019A624 sens entrant vers la M901 sens int\u00e9rieur (direction Blagnac)<br \/>\u2022 de la bretelle de liaison de la M901 sens ext\u00e9rieur vers l\u2019A624 sens entrant (vers Toulouse)<br \/><strong>La raison\u2009:<\/strong> Travaux de r\u00e9paration du pont OA7 de l\u2019\u00e9changeur de St-Martin du-Touch<br \/>(A624\/M901)<\/li>\n<li><strong>nuits du 15\/10\/25 au 16\/10\/25 et du 16\/10\/25 17\/10\/25\u2009:<\/strong> fermeture du barreau de l\u2019\u00e9changeur de Sesqui\u00e8res entre la rue du P\u00f4le, l\u2019A620 et M820 (avenue des \u00c9tat-Unis)<br \/><strong>La raison\u2009:<\/strong> travaux d\u2019entretien courant en r\u00e9gie et avec sous-traitance<\/li>\n<\/ul>\n<p class=\" wall-content\">La DIRSO pr\u00e9cise tout de m\u00eame que ce planning pourra \u00e9voluer \u00ab\u2009selon les al\u00e9as techniques ou m\u00e9t\u00e9orologiques impactant les chantiers et des nouveaux besoins de fermetures de nuit peuvent \u00e9merger et s\u2019ajouter aux dates programm\u00e9es\u2009\u00bb.<\/p>\n<p>Vid\u00e9os : en ce moment sur Actu<\/p>\n<p class=\" wall-content\">Personnalisez votre actualit\u00e9 en ajoutant vos villes et m\u00e9dias en favori avec <a href=\"https:\/\/moncompte.actu.fr\" title=\"D\u00e9couvez Mon Actu\" rel=\"nofollow noopener\" data-trk=\"{&quot;cta&quot;:{&quot;action&quot;:&quot;https:\\\/\\\/moncompte.actu.fr&quot;,&quot;category&quot;:&quot;mon compte&quot;,&quot;from&quot;:&quot;article footer&quot;,&quot;name&quot;:&quot;Mon actu&quot;,&quot;type&quot;:&quot;cta&quot;}}\" target=\"_blank\">Mon Actu<\/a>.<\/p>\n","protected":false},"excerpt":{"rendered":"Par L\u00e9a Afonso Publi\u00e9 le 1 oct. 2025 \u00e0 13h08 Un nouveau mois d\u00e9bute et il s\u2019accompagne des&hellip;\n","protected":false},"author":2,"featured_media":431041,"comment_status":"","ping_status":"","sticky":false,"template":"","format":"standard","meta":{"footnotes":""},"categories":[2816],"tags":[1111,11,3542,1777,674,1011,27,12,2680,4800,25,104,2312],"class_list":{"0":"post-431040","1":"post","2":"type-post","3":"status-publish","4":"format-standard","5":"has-post-thumbnail","7":"category-toulouse","8":"tag-actu","9":"tag-actualites","10":"tag-circulation","11":"tag-eu","12":"tag-europe","13":"tag-fr","14":"tag-france","15":"tag-news","16":"tag-occitanie","17":"tag-peripherique-de-toulouse","18":"tag-republique-francaise","19":"tag-societe","20":"tag-toulouse"},"share_on_mastodon":{"url":"https:\/\/pubeurope.com\/@fr\/115298768401957065","error":""},"_links":{"self":[{"href":"https:\/\/www.europesays.com\/fr\/wp-json\/wp\/v2\/posts\/431040","targetHints":{"allow":["GET"]}}],"collection":[{"href":"https:\/\/www.europesays.com\/fr\/wp-json\/wp\/v2\/posts"}],"about":[{"href":"https:\/\/www.europesays.com\/fr\/wp-json\/wp\/v2\/types\/post"}],"author":[{"embeddable":true,"href":"https:\/\/www.europesays.com\/fr\/wp-json\/wp\/v2\/users\/2"}],"replies":[{"embeddable":true,"href":"https:\/\/www.europesays.com\/fr\/wp-json\/wp\/v2\/comments?post=431040"}],"version-history":[{"count":0,"href":"https:\/\/www.europesays.com\/fr\/wp-json\/wp\/v2\/posts\/431040\/revisions"}],"wp:featuredmedia":[{"embeddable":true,"href":"https:\/\/www.europesays.com\/fr\/wp-json\/wp\/v2\/media\/431041"}],"wp:attachment":[{"href":"https:\/\/www.europesays.com\/fr\/wp-json\/wp\/v2\/media?parent=431040"}],"wp:term":[{"taxonomy":"category","embeddable":true,"href":"https:\/\/www.europesays.com\/fr\/wp-json\/wp\/v2\/categories?post=431040"},{"taxonomy":"post_tag","embeddable":true,"href":"https:\/\/www.europesays.com\/fr\/wp-json\/wp\/v2\/tags?post=431040"}],"curies":[{"name":"wp","href":"https:\/\/api.w.org\/{rel}","templated":true}]}}