{"id":431042,"date":"2025-10-01T11:52:13","date_gmt":"2025-10-01T11:52:13","guid":{"rendered":"https:\/\/www.europesays.com\/fr\/431042\/"},"modified":"2025-10-01T11:52:13","modified_gmt":"2025-10-01T11:52:13","slug":"billetterie-ouverte-pour-le-pack-ubb-bayonne-et-ubb-toulouse-au-stade-atlantique-actualites-union-bordeaux-begles-ubb-rugby","status":"publish","type":"post","link":"https:\/\/www.europesays.com\/fr\/431042\/","title":{"rendered":"Billetterie ouverte pour le pack UBB-Bayonne et UBB-Toulouse au Stade Atlantique ! &#8211; Actualit\u00e9s &#8211; Union Bordeaux B\u00e8gles (UBB Rugby)"},"content":{"rendered":"<p>                    La billetterie pour les r\u00e9ceptions de Bayonne et Toulouse au Stade Atlantique Bordeaux M\u00e9tropole est d\u00e9sormais ouverte ! Pour ces deux affiches de gala, profitez d\u2019un pack sp\u00e9cial incluant les deux rencontres. Et si vous ne souhaitez assister qu\u2019\u00e0 la r\u00e9ception de l\u2019Aviron Bayonnais, la billetterie de ce match est \u00e9galement disponible.<\/p>\n<p>Vous pouvez d\u00e8s maintenant achetez vos packs\u00a0pour les\u00a0deux r\u00e9ceptions d\u00e9localis\u00e9es au Stade Atlantique BM. Pour rappel,\u00a0<strong>l&rsquo;UBB affrontera d&rsquo;abord\u00a0l&rsquo;Aviron Bayonnais le samedi 25 octobre prochain\u00a0\u00e0 21h00<\/strong>\u00a0dans le stade de Bordeaux-Lac puis <strong>le Stade Toulousain<\/strong> <strong>le dimanche 22 mars\u00a0\u00e0 21h05\u00a0!<\/strong><\/p>\n<p>Ne manquez pas ces deux affiches de gala\u00a0! Pour obtenir vos billets, rendez-vous d\u00e8s \u00e0 pr\u00e9sent sur notre <a href=\"https:\/\/billetterie.ubbrugby.com\/fr\" target=\"_blank\" rel=\"noopener\">billetterie en ligne<\/a>.<\/p>\n<p>R\u00e9servez vite vos packs\u00a0\u2935\ufe0f<\/p>\n<p style=\"text-align: center;\"><a class=\"btn\" href=\"https:\/\/billetterie.ubbrugby.com\/fr\" target=\"_blank\" rel=\"noopener\">MES BILLETS<\/a><\/p>\n<p style=\"text-align: center;\"><strong>Attention : Pas de vente de tarif r\u00e9duit sur ce pack.<br \/>Dispo uniquement en ligne<\/strong><\/p>\n<p style=\"text-align: center;\"><a href=\"https:\/\/billetterie.ubbrugby.com\/fr\" target=\"_blank\" rel=\"noopener\"><img loading=\"lazy\" decoding=\"async\" src=\"https:\/\/www.europesays.com\/fr\/wp-content\/uploads\/2025\/10\/1920x1080-ubbabst.jpg\" alt=\"\" width=\"782\" height=\"440\"\/><\/a><\/p>\n<p>Attention, le parking sera payant sur ce match (15euros).<\/p>\n<p>Si vous ne souhaitez des places que pour Bayonne c&rsquo;est \u00e9galement possible,\u00a0<a class=\"link-btn link-btn-arrow\" href=\"https:\/\/billetterie.ubbrugby.com\/fr\" target=\"_blank\" rel=\"noopener\">la billetterie du match<\/a> seule est \u00e9galement ouverte ce jour !<\/p>\n<p><a href=\"https:\/\/billetterie.ubbrugby.com\/fr\" target=\"_blank\" rel=\"noopener\"><img loading=\"lazy\" decoding=\"async\" src=\"https:\/\/www.europesays.com\/fr\/wp-content\/uploads\/2025\/10\/Horizontal-ubbab.jpg\" alt=\"\" width=\"1200\" height=\"1200\"\/><\/a><\/p>\n<p><strong>Enfin, si vous voulez vivre un match \u00e0 Chaban il reste encore quelques places pour la r\u00e9ception de Lyon ce week-end !<\/strong><\/p>\n<p style=\"text-align: center;\"><a class=\"btn\" href=\"https:\/\/billetterie.ubbrugby.com\/fr\" target=\"_blank\" rel=\"noopener\">Je viens voir UBB-LOU<\/a><\/p>\n","protected":false},"excerpt":{"rendered":"La billetterie pour les r\u00e9ceptions de Bayonne et Toulouse au Stade Atlantique Bordeaux M\u00e9tropole est d\u00e9sormais ouverte !&hellip;\n","protected":false},"author":2,"featured_media":431043,"comment_status":"","ping_status":"","sticky":false,"template":"","format":"standard","meta":{"footnotes":""},"categories":[2816],"tags":[1111,47,11,4402,1997,4404,4401,4356,4400,4357,1983,1777,674,1011,27,1987,1114,2947,955,12,2680,4048,25,479,517,2858,478,2312,4364,4403,1264],"class_list":{"0":"post-431042","1":"post","2":"type-post","3":"status-publish","4":"format-standard","5":"has-post-thumbnail","7":"category-toulouse","8":"tag-actu","9":"tag-actualite","10":"tag-actualites","11":"tag-begles","12":"tag-bordeaux","13":"tag-chaban","14":"tag-challenge-cup","15":"tag-coronavirus","16":"tag-covid","17":"tag-covid-19","18":"tag-essai","19":"tag-eu","20":"tag-europe","21":"tag-fr","22":"tag-france","23":"tag-girondins","24":"tag-infos","25":"tag-lnr","26":"tag-match","27":"tag-news","28":"tag-occitanie","29":"tag-presse","30":"tag-republique-francaise","31":"tag-rugby","32":"tag-sport","33":"tag-stade","34":"tag-top-14","35":"tag-toulouse","36":"tag-ubb","37":"tag-union","38":"tag-victoire"},"share_on_mastodon":{"url":"https:\/\/pubeurope.com\/@fr\/115298772337150661","error":""},"_links":{"self":[{"href":"https:\/\/www.europesays.com\/fr\/wp-json\/wp\/v2\/posts\/431042","targetHints":{"allow":["GET"]}}],"collection":[{"href":"https:\/\/www.europesays.com\/fr\/wp-json\/wp\/v2\/posts"}],"about":[{"href":"https:\/\/www.europesays.com\/fr\/wp-json\/wp\/v2\/types\/post"}],"author":[{"embeddable":true,"href":"https:\/\/www.europesays.com\/fr\/wp-json\/wp\/v2\/users\/2"}],"replies":[{"embeddable":true,"href":"https:\/\/www.europesays.com\/fr\/wp-json\/wp\/v2\/comments?post=431042"}],"version-history":[{"count":0,"href":"https:\/\/www.europesays.com\/fr\/wp-json\/wp\/v2\/posts\/431042\/revisions"}],"wp:featuredmedia":[{"embeddable":true,"href":"https:\/\/www.europesays.com\/fr\/wp-json\/wp\/v2\/media\/431043"}],"wp:attachment":[{"href":"https:\/\/www.europesays.com\/fr\/wp-json\/wp\/v2\/media?parent=431042"}],"wp:term":[{"taxonomy":"category","embeddable":true,"href":"https:\/\/www.europesays.com\/fr\/wp-json\/wp\/v2\/categories?post=431042"},{"taxonomy":"post_tag","embeddable":true,"href":"https:\/\/www.europesays.com\/fr\/wp-json\/wp\/v2\/tags?post=431042"}],"curies":[{"name":"wp","href":"https:\/\/api.w.org\/{rel}","templated":true}]}}