{"id":431046,"date":"2025-10-01T11:54:11","date_gmt":"2025-10-01T11:54:11","guid":{"rendered":"https:\/\/www.europesays.com\/fr\/431046\/"},"modified":"2025-10-01T11:54:11","modified_gmt":"2025-10-01T11:54:11","slug":"le-mystere-autour-de-la-disparition-des-bacs-de-poubelles-dans-ce-quartier-de-lille-enfin-resolu","status":"publish","type":"post","link":"https:\/\/www.europesays.com\/fr\/431046\/","title":{"rendered":"Le myst\u00e8re autour de la disparition des bacs de poubelles dans ce quartier de Lille enfin r\u00e9solu !"},"content":{"rendered":"<p class=\"mb-4 text-lg md:leading-8 break-words\">Les habitants du quartier de Fives pr\u00e8s du centre-ville de Lille ont eu la d\u00e9sagr\u00e9able surprise de ne pas retrouver leurs bacs de poubelles apr\u00e8s la collecte des ordures m\u00e9nag\u00e8res le 18 septembre 2025. De nombreux riverains se sont plaints, en vain. Le myst\u00e8re de cette disparition a enfin \u00e9t\u00e9 r\u00e9solu ce mercredi 30 septembre 2025, comme l\u2019a indiqu\u00e9 La Voix du Nord le jour m\u00eame. Si la raison a \u00e9t\u00e9 d\u00e9voil\u00e9e, cela n\u2019emp\u00eache pas certains riverains de rester en col\u00e8re.<\/p>\n<p class=\"mb-4 text-lg md:leading-8 break-words\">La pr\u00e9fecture a confirm\u00e9 aupr\u00e8s du journal avoir fait retirer les bacs avant une manifestation, sans pr\u00e9venir les habitants. \u00ab\u00a0Les effectifs des services ont proc\u00e9d\u00e9 au retrait des derniers bacs restant sur la voie publique, \u00e0 quelques minutes du passage de la manifestation, lorsque les propri\u00e9taires n\u2019\u00e9taient pas joignables pour les rentrer dans leur immeuble ou maison\u00a0\u00bb, a indiqu\u00e9 la pr\u00e9fecture. Souci : le trajet de cette fameuse manifestation ne passait pas dans le quartier en question, mais, comme l\u2019a assur\u00e9 la pr\u00e9fecture, des actions plus matinales pr\u00e9vues sur place auraient pouss\u00e9 le pr\u00e9fet \u00e0 prendre ces mesures de pr\u00e9caution.<\/p>\n<p class=\"mb-4 text-lg md:leading-8 break-words\">Les habitants du quartier se sont montr\u00e9s agac\u00e9s par cette information. \u00ab\u00a0Le quartier abrite en effet un haut lieu de la grogne syndicale. De l\u00e0 \u00e0 ce que toutes les poubelles de Fives-Mont de Terre soient incendi\u00e9es&#8230; Il y a un gros exc\u00e8s dans le principe de pr\u00e9caution\u00a0\u00bb, a not\u00e9 l\u2019un des habitants du quartier aupr\u00e8s du quotidien. Un autre riverain a, lui, fait part de sa col\u00e8re, non seulement (&#8230;)<\/p>\n<p>Publicit\u00e9<\/p>\n<p>Publicit\u00e9<\/p>\n<p>Publicit\u00e9<\/p>\n<p>Publicit\u00e9<\/p>\n<p class=\"mb-4 text-lg md:leading-8 break-words\">(&#8230;) <a href=\"https:\/\/www.femmeactuelle.fr\/actu\/news-actu\/le-mystere-autour-de-la-disparition-des-bacs-de-poubelles-dans-ce-quartier-de-lille-enfin-resolu-2199088\" rel=\"nofollow noopener\" target=\"_blank\" data-ylk=\"slk:Cliquez ici pour voir la suite;elm:context_link;itc:0;sec:content-canvas\" class=\"link \">Cliquez ici pour voir la suite<\/a><\/p>\n<p class=\"mb-4 text-lg md:leading-8 break-words\"><a href=\"https:\/\/www.femmeactuelle.fr\/actu\/news-actu\/disparition-demile-mystere-autour-de-ce-peage-qui-interesse-tant-les-enqueteurs-2169923\" rel=\"nofollow noopener\" target=\"_blank\" data-ylk=\"slk:Disparition d\u2019Emile : myst\u00e8re autour de ce p\u00e9age qui int\u00e9resse tant les enqu\u00eateurs;elm:context_link;itc:0;sec:content-canvas\" class=\"link \">Disparition d\u2019Emile : myst\u00e8re autour de ce p\u00e9age qui int\u00e9resse tant les enqu\u00eateurs<\/a><br \/><a href=\"https:\/\/www.femmeactuelle.fr\/actu\/news-actu\/le-mystere-de-la-disparition-du-vol-mh370-bientot-resolu-cette-nouvelle-zone-de-recherche-identifiee-qui-pourrait-tout-changer-2176873\" rel=\"nofollow noopener\" target=\"_blank\" data-ylk=\"slk:Le myst\u00e8re de la disparition du vol MH370 bient\u00f4t r\u00e9solu ? Cette nouvelle zone de recherche identifi\u00e9e qui pourrait tout changer;elm:context_link;itc:0;sec:content-canvas\" class=\"link \">Le myst\u00e8re de la disparition du vol MH370 bient\u00f4t r\u00e9solu ? Cette nouvelle zone de recherche identifi\u00e9e qui pourrait tout changer<\/a><br \/><a href=\"https:\/\/www.femmeactuelle.fr\/actu\/news-actu\/un-expert-francais-a-t-il-resolu-le-mystere-autour-du-vol-mh370-de-nouvelles-donnees-viennent-confirmer-son-hypothese-2174021\" rel=\"nofollow noopener\" target=\"_blank\" data-ylk=\"slk:Un expert fran\u00e7ais a-t-il r\u00e9solu le myst\u00e8re autour du vol MH370 ? De nouvelles donn\u00e9es viennent confirmer son hypoth\u00e8se;elm:context_link;itc:0;sec:content-canvas\" class=\"link \">Un expert fran\u00e7ais a-t-il r\u00e9solu le myst\u00e8re autour du vol MH370 ? De nouvelles donn\u00e9es viennent confirmer son hypoth\u00e8se<\/a><br \/><a href=\"https:\/\/www.femmeactuelle.fr\/actu\/news-actu\/disparition-du-vol-mh370-de-nouveaux-enregistrements-sous-marins-pourraient-enfin-resoudre-le-mystere-2177411\" rel=\"nofollow noopener\" target=\"_blank\" data-ylk=\"slk:Disparition du vol MH370 : de nouveaux enregistrements sous-marins pourraient enfin r\u00e9soudre le myst\u00e8re;elm:context_link;itc:0;sec:content-canvas\" class=\"link \">Disparition du vol MH370 : de nouveaux enregistrements sous-marins pourraient enfin r\u00e9soudre le myst\u00e8re<\/a><br \/><a href=\"https:\/\/www.femmeactuelle.fr\/actu\/news-actu\/le-mystere-des-boules-decouvertes-sur-les-plages-de-sydney-est-partiellement-resolu-la-verite-est-peu-ragoutante-2187103\" rel=\"nofollow noopener\" target=\"_blank\" data-ylk=\"slk:Le myst\u00e8re des boules d\u00e9couvertes sur les plages de Sydney est partiellement r\u00e9solu, la v\u00e9rit\u00e9 est peu rago\u00fbtante;elm:context_link;itc:0;sec:content-canvas\" class=\"link \">Le myst\u00e8re des boules d\u00e9couvertes sur les plages de Sydney est partiellement r\u00e9solu, la v\u00e9rit\u00e9 est peu rago\u00fbtante<\/a><\/p>\n","protected":false},"excerpt":{"rendered":"Les habitants du quartier de Fives pr\u00e8s du centre-ville de Lille ont eu la d\u00e9sagr\u00e9able surprise de ne&hellip;\n","protected":false},"author":2,"featured_media":431047,"comment_status":"","ping_status":"","sticky":false,"template":"","format":"standard","meta":{"footnotes":""},"categories":[2815],"tags":[1111,11,55922,1777,674,1011,27,811,23664,55921,18250,10877,1307,12,25],"class_list":{"0":"post-431046","1":"post","2":"type-post","3":"status-publish","4":"format-standard","5":"has-post-thumbnail","7":"category-lille","8":"tag-actu","9":"tag-actualites","10":"tag-bacs","11":"tag-eu","12":"tag-europe","13":"tag-fr","14":"tag-france","15":"tag-hauts-de-france","16":"tag-la-voix-du-nord","17":"tag-le-mystere","18":"tag-le-quartier","19":"tag-les-habitants","20":"tag-lille","21":"tag-news","22":"tag-republique-francaise"},"share_on_mastodon":{"url":"https:\/\/pubeurope.com\/@fr\/115298780144886886","error":""},"_links":{"self":[{"href":"https:\/\/www.europesays.com\/fr\/wp-json\/wp\/v2\/posts\/431046","targetHints":{"allow":["GET"]}}],"collection":[{"href":"https:\/\/www.europesays.com\/fr\/wp-json\/wp\/v2\/posts"}],"about":[{"href":"https:\/\/www.europesays.com\/fr\/wp-json\/wp\/v2\/types\/post"}],"author":[{"embeddable":true,"href":"https:\/\/www.europesays.com\/fr\/wp-json\/wp\/v2\/users\/2"}],"replies":[{"embeddable":true,"href":"https:\/\/www.europesays.com\/fr\/wp-json\/wp\/v2\/comments?post=431046"}],"version-history":[{"count":0,"href":"https:\/\/www.europesays.com\/fr\/wp-json\/wp\/v2\/posts\/431046\/revisions"}],"wp:featuredmedia":[{"embeddable":true,"href":"https:\/\/www.europesays.com\/fr\/wp-json\/wp\/v2\/media\/431047"}],"wp:attachment":[{"href":"https:\/\/www.europesays.com\/fr\/wp-json\/wp\/v2\/media?parent=431046"}],"wp:term":[{"taxonomy":"category","embeddable":true,"href":"https:\/\/www.europesays.com\/fr\/wp-json\/wp\/v2\/categories?post=431046"},{"taxonomy":"post_tag","embeddable":true,"href":"https:\/\/www.europesays.com\/fr\/wp-json\/wp\/v2\/tags?post=431046"}],"curies":[{"name":"wp","href":"https:\/\/api.w.org\/{rel}","templated":true}]}}