{"id":431048,"date":"2025-10-01T11:55:11","date_gmt":"2025-10-01T11:55:11","guid":{"rendered":"https:\/\/www.europesays.com\/fr\/431048\/"},"modified":"2025-10-01T11:55:11","modified_gmt":"2025-10-01T11:55:11","slug":"orelsan-annonce-une-seconde-date-de-concert-a-marseille-en-mars-2026","status":"publish","type":"post","link":"https:\/\/www.europesays.com\/fr\/431048\/","title":{"rendered":"Orelsan annonce une seconde date de concert \u00e0 Marseille en mars 2026"},"content":{"rendered":"<p>Sur ses r\u00e9seaux sociaux, l&rsquo;interpr\u00e8te de \u00ab\u00a0Jour meilleur\u00a0\u00bb a d\u00e9voil\u00e9 de nouvelles dates de concert dans sa tourn\u00e9e. Et une sera \u00e0 Marseille, le 25 mars 2026 toujours au D\u00f4me.<\/p>\n<p>Deux shows donc comme en novembre 2022 lors de sa derni\u00e8re venue o\u00f9 il avait \u00e9lectris\u00e9 le public marseillais.\u00a0<\/p>\n<p>Pas de nouvel album \u00e9voqu\u00e9<\/p>\n<p>Tout en annon\u00e7ant ces dates lors d&rsquo;une vid\u00e9o enregistr\u00e9e au pied du mont Fuji, le chanteur n&rsquo;a en revanche pas \u00e9voqu\u00e9 un possible nouvel album. Seule la promesse d&rsquo;un spectacle in\u00e9dit a \u00e9t\u00e9 communiqu\u00e9e par son \u00e9quipe\u00a0: \u00ab\u00a0On vous a pr\u00e9par\u00e9 une toute nouvelle tourn\u00e9e, pleine de surprises.\u00a0\u00bb<\/p>\n<p>Orelsan d\u00e9butera cette tourn\u00e9e chez lui \u00e0 Caen d\u00e8s le 16 janvier. Passera ensuite du c\u00f4t\u00e9 de Bordeaux, Limoges, Strasbourg, Toulouse, Nice ou encore Lille. Avant de s&rsquo;expatrier du c\u00f4t\u00e9 de Bruxelles et de Gen\u00e8ve avant de finir l&rsquo;ann\u00e9e avec 10 concerts \u00e0 l&rsquo;Accor Arena de Paris.<\/p>\n","protected":false},"excerpt":{"rendered":"Sur ses r\u00e9seaux sociaux, l&rsquo;interpr\u00e8te de \u00ab\u00a0Jour meilleur\u00a0\u00bb a d\u00e9voil\u00e9 de nouvelles dates de concert dans sa tourn\u00e9e.&hellip;\n","protected":false},"author":2,"featured_media":431049,"comment_status":"","ping_status":"","sticky":false,"template":"","format":"standard","meta":{"footnotes":""},"categories":[2814],"tags":[17,1111,11,2562,1102,1697,251,2869,1777,674,1011,27,884,12,21953,882,25,10040,96],"class_list":{"0":"post-431048","1":"post","2":"type-post","3":"status-publish","4":"format-standard","5":"has-post-thumbnail","7":"category-marseille","8":"tag-17","9":"tag-actu","10":"tag-actualites","11":"tag-annonce","12":"tag-breakingnews","13":"tag-concert","14":"tag-culture","15":"tag-date","16":"tag-eu","17":"tag-europe","18":"tag-fr","19":"tag-france","20":"tag-marseille","21":"tag-news","22":"tag-orelsan","23":"tag-provence-alpes-cote-dazur","24":"tag-republique-francaise","25":"tag-seconde","26":"tag-une"},"share_on_mastodon":{"url":"https:\/\/pubeurope.com\/@fr\/115298784107275412","error":""},"_links":{"self":[{"href":"https:\/\/www.europesays.com\/fr\/wp-json\/wp\/v2\/posts\/431048","targetHints":{"allow":["GET"]}}],"collection":[{"href":"https:\/\/www.europesays.com\/fr\/wp-json\/wp\/v2\/posts"}],"about":[{"href":"https:\/\/www.europesays.com\/fr\/wp-json\/wp\/v2\/types\/post"}],"author":[{"embeddable":true,"href":"https:\/\/www.europesays.com\/fr\/wp-json\/wp\/v2\/users\/2"}],"replies":[{"embeddable":true,"href":"https:\/\/www.europesays.com\/fr\/wp-json\/wp\/v2\/comments?post=431048"}],"version-history":[{"count":0,"href":"https:\/\/www.europesays.com\/fr\/wp-json\/wp\/v2\/posts\/431048\/revisions"}],"wp:featuredmedia":[{"embeddable":true,"href":"https:\/\/www.europesays.com\/fr\/wp-json\/wp\/v2\/media\/431049"}],"wp:attachment":[{"href":"https:\/\/www.europesays.com\/fr\/wp-json\/wp\/v2\/media?parent=431048"}],"wp:term":[{"taxonomy":"category","embeddable":true,"href":"https:\/\/www.europesays.com\/fr\/wp-json\/wp\/v2\/categories?post=431048"},{"taxonomy":"post_tag","embeddable":true,"href":"https:\/\/www.europesays.com\/fr\/wp-json\/wp\/v2\/tags?post=431048"}],"curies":[{"name":"wp","href":"https:\/\/api.w.org\/{rel}","templated":true}]}}