{"id":431052,"date":"2025-10-01T11:57:11","date_gmt":"2025-10-01T11:57:11","guid":{"rendered":"https:\/\/www.europesays.com\/fr\/431052\/"},"modified":"2025-10-01T11:57:11","modified_gmt":"2025-10-01T11:57:11","slug":"le-tribunal-saisi-sur-la-validite-de-larrete-prefectoral","status":"publish","type":"post","link":"https:\/\/www.europesays.com\/fr\/431052\/","title":{"rendered":"le tribunal saisi sur la validit\u00e9 de l\u2019arr\u00eat\u00e9 pr\u00e9fectoral"},"content":{"rendered":"<p itemprop=\"description\"><strong>L\u2019encadrement des loyers, d\u00e9j\u00e0 contest\u00e9 par une partie des propri\u00e9taires, vient d\u2019\u00eatre fragilis\u00e9 par une audience au tribunal administratif de Lyon.<\/strong><\/p>\n<p>Le dispositif d\u2019encadrement des loyers \u00e0 Lyon et Villeurbanne,\u00a0instaur\u00e9 \u00e0 l\u2019initiative de la M\u00e9tropole puis formalis\u00e9 par un arr\u00eat\u00e9 pr\u00e9fectoral en septembre 2023, fait d\u00e9sormais l\u2019objet d\u2019un recours en justice.<\/p>\n<p>Ce mardi 30 septembre, le tribunal administratif de Lyon a examin\u00e9 la demande de plusieurs organisations repr\u00e9sentatives du secteur immobilier, parmi lesquelles l\u2019Unpi 69, l\u2019Unis, la FNAIM et le SNPI. Ces syndicats r\u00e9clament l\u2019annulation de l\u2019arr\u00eat\u00e9 de la pr\u00e9f\u00e8te qui fixe les loyers de r\u00e9f\u00e9rence, major\u00e9s et minor\u00e9s dans cinq zones des deux communes.<\/p>\n<p>Au c\u0153ur de leur contestation : la carte int\u00e9gr\u00e9e \u00e0 l\u2019arr\u00eat\u00e9, jug\u00e9e difficilement exploitable pour identifier clairement les rues concern\u00e9es. La rapporteure publique a point\u00e9 un manque de lisibilit\u00e9 et recommand\u00e9 l\u2019annulation du texte pr\u00e9fectoral. D\u2019autres arguments avanc\u00e9s par les professionnels de l\u2019immobilier n\u2019ont toutefois pas \u00e9t\u00e9 retenus.<\/p>\n<p>L\u2019affaire a \u00e9t\u00e9 mise en d\u00e9lib\u00e9r\u00e9 par le tribunal.<\/p>\n","protected":false},"excerpt":{"rendered":"L\u2019encadrement des loyers, d\u00e9j\u00e0 contest\u00e9 par une partie des propri\u00e9taires, vient d\u2019\u00eatre fragilis\u00e9 par une audience au tribunal&hellip;\n","protected":false},"author":2,"featured_media":431053,"comment_status":"","ping_status":"","sticky":false,"template":"","format":"standard","meta":{"footnotes":""},"categories":[1889],"tags":[1111,11,2813,2190,2430,1109,251,1112,2811,1777,674,118,1011,27,1922,1110,1114,2428,2810,12,241,316,25,2812,517,800],"class_list":{"0":"post-431052","1":"post","2":"type-post","3":"status-publish","4":"format-standard","5":"has-post-thumbnail","7":"category-lyon","8":"tag-actu","9":"tag-actualites","10":"tag-article","11":"tag-asvel","12":"tag-auvergne-rhone-alpes","13":"tag-breves","14":"tag-culture","15":"tag-depeches","16":"tag-economique","17":"tag-eu","18":"tag-europe","19":"tag-faits-divers","20":"tag-fr","21":"tag-france","22":"tag-info","23":"tag-informations","24":"tag-infos","25":"tag-lyon","26":"tag-lyonmag","27":"tag-news","28":"tag-ol","29":"tag-politique","30":"tag-republique-francaise","31":"tag-sociale","32":"tag-sport","33":"tag-transports"},"share_on_mastodon":{"url":"https:\/\/pubeurope.com\/@fr\/115298791947938745","error":""},"_links":{"self":[{"href":"https:\/\/www.europesays.com\/fr\/wp-json\/wp\/v2\/posts\/431052","targetHints":{"allow":["GET"]}}],"collection":[{"href":"https:\/\/www.europesays.com\/fr\/wp-json\/wp\/v2\/posts"}],"about":[{"href":"https:\/\/www.europesays.com\/fr\/wp-json\/wp\/v2\/types\/post"}],"author":[{"embeddable":true,"href":"https:\/\/www.europesays.com\/fr\/wp-json\/wp\/v2\/users\/2"}],"replies":[{"embeddable":true,"href":"https:\/\/www.europesays.com\/fr\/wp-json\/wp\/v2\/comments?post=431052"}],"version-history":[{"count":0,"href":"https:\/\/www.europesays.com\/fr\/wp-json\/wp\/v2\/posts\/431052\/revisions"}],"wp:featuredmedia":[{"embeddable":true,"href":"https:\/\/www.europesays.com\/fr\/wp-json\/wp\/v2\/media\/431053"}],"wp:attachment":[{"href":"https:\/\/www.europesays.com\/fr\/wp-json\/wp\/v2\/media?parent=431052"}],"wp:term":[{"taxonomy":"category","embeddable":true,"href":"https:\/\/www.europesays.com\/fr\/wp-json\/wp\/v2\/categories?post=431052"},{"taxonomy":"post_tag","embeddable":true,"href":"https:\/\/www.europesays.com\/fr\/wp-json\/wp\/v2\/tags?post=431052"}],"curies":[{"name":"wp","href":"https:\/\/api.w.org\/{rel}","templated":true}]}}