{"id":431056,"date":"2025-10-01T12:00:19","date_gmt":"2025-10-01T12:00:19","guid":{"rendered":"https:\/\/www.europesays.com\/fr\/431056\/"},"modified":"2025-10-01T12:00:19","modified_gmt":"2025-10-01T12:00:19","slug":"pour-ses-lycees-la-region-ile-de-france-opte-pour-du-cloud-local","status":"publish","type":"post","link":"https:\/\/www.europesays.com\/fr\/431056\/","title":{"rendered":"Pour ses lyc\u00e9es, la r\u00e9gion Ile de France opte pour du cloud local &#8230;"},"content":{"rendered":"<p>A l&rsquo;occasion de la rentr\u00e9e, la r\u00e9gion ile de France a mis en place une suite collaborative int\u00e9gr\u00e9e \u00e0 son environnement de travail num\u00e9rique et mis \u00e0 la disposition des \u00e9l\u00e8ves, enseignants et personnels administratifs de ses lyc\u00e9es.<\/p>\n<p>Comme l&rsquo;explique Leviia, la solution est d\u00e9ploy\u00e9e en partenariat avec Worldline qui se charge de l&rsquo;environnement num\u00e9rique de travail d\u00e9ploy\u00e9 par la r\u00e9gion, et propose \u00e0 chaque utilisateur un espace de stockage (de 10 \u00e0 100 go), l&rsquo;acc\u00e8s \u00e0 la suite bureautique en ligne Collabora online et d&rsquo;un outil de partage s\u00e9curis\u00e9 par classe.<\/p>\n<p> 550 000 utilisateurs attendus <\/p>\n<p>Le tout est h\u00e9berg\u00e9 par la startup Leviia, qui dispose d&rsquo;une infrastructure cloud d\u00e9ploy\u00e9e chez Free Pro, sur trois datacenters bas\u00e9s en France. La solution s&rsquo;appuie sur les technologies Nextcloud, op\u00e9r\u00e9e par Leviia qui a jou\u00e9 le r\u00f4le d&rsquo;expert pour accompagner ce projet d&rsquo;architecture multi instance. Leviia propose \u00e9galement un outil de gestion du cycle de vie des comptes, ce qui pourrait se r\u00e9v\u00e9ler utile pour g\u00e9rer les 550 000 utilisateurs pr\u00e9vus sur la solution.<\/p>\n<p>La localisation des donn\u00e9es en France permet de r\u00e9pondre aux probl\u00e9matiques de souverainet\u00e9 des donn\u00e9es personnelles des utilisateurs utilisant la solution pour leurs donn\u00e9es. \u00ab Toutefois la souverainet\u00e9 ne remplacera jamais la qualit\u00e9, qui reste un crit\u00e8re essentiel dans le choix d\u2019une solution. Leviia a su combiner les deux : une solution souveraine qui r\u00e9pond aussi aux exigences de performance \u00bb, souligne Bernard Giry, DGA transformation num\u00e9rique de la R\u00e9gion \u00cele-de-France.<\/p>\n<p> Hybrider plut\u00f4t que c\u00e9der au tout souverain <\/p>\n<p>Au mois de juillet, la r\u00e9gion Ile de France<a href=\"https:\/\/www.zdnet.fr\/actualites\/pour-la-dsi-de-la-region-ile-de-france-la-souverainete-ce-nest-pas-du-100-480104.htm\" target=\"_blank\" rel=\"noopener\"> faisait le choix d&rsquo;\u00e9carter son prestataire Easyvista au profit de l&rsquo;am\u00e9ricain Servicenow<\/a> pour son service de ticketing. Un choix qui lui avait valu des critiques de la part de l&rsquo;entreprise, qui faisait alors valoir le fait que les imp\u00e9ratifs de souverainet\u00e9 num\u00e9rique n&rsquo;\u00e9taient pas suffisamment pris en compte par la collectivit\u00e9 locale.<\/p>\n<p>La DSI de la collectivit\u00e9 se d\u00e9fendait en d\u00e9fendant un choix \u00ab\u00a0hybride\u00a0\u00bb que 100% souverain : le DSI avait notamment rappel\u00e9 qu&rsquo;il ne s&rsquo;agissait pas ici de donn\u00e9es sensibles, mais d&rsquo;un syst\u00e8me de ticketing utilis\u00e9 par ses \u00e9quipes techniques. Et que les questions des fonctionnalit\u00e9s et des co\u00fbts devaient \u00e9galement peser dans la balance.<\/p>\n","protected":false},"excerpt":{"rendered":"A l&rsquo;occasion de la rentr\u00e9e, la r\u00e9gion ile de France a mis en place une suite collaborative int\u00e9gr\u00e9e&hellip;\n","protected":false},"author":2,"featured_media":431057,"comment_status":"","ping_status":"","sticky":false,"template":"","format":"standard","meta":{"footnotes":""},"categories":[1592],"tags":[1111,11,35,55923,1777,674,1011,27,662,12,7867,626,25,10532,7034],"class_list":{"0":"post-431056","1":"post","2":"type-post","3":"status-publish","4":"format-standard","5":"has-post-thumbnail","7":"category-ile-de-france","8":"tag-actu","9":"tag-actualites","10":"tag-business","11":"tag-e-administration","12":"tag-eu","13":"tag-europe","14":"tag-fr","15":"tag-france","16":"tag-ile-de-france","17":"tag-news","18":"tag-open-source","19":"tag-paris","20":"tag-republique-francaise","21":"tag-souverainete","22":"tag-stockage"},"share_on_mastodon":{"url":"https:\/\/pubeurope.com\/@fr\/115298803577921157","error":""},"_links":{"self":[{"href":"https:\/\/www.europesays.com\/fr\/wp-json\/wp\/v2\/posts\/431056","targetHints":{"allow":["GET"]}}],"collection":[{"href":"https:\/\/www.europesays.com\/fr\/wp-json\/wp\/v2\/posts"}],"about":[{"href":"https:\/\/www.europesays.com\/fr\/wp-json\/wp\/v2\/types\/post"}],"author":[{"embeddable":true,"href":"https:\/\/www.europesays.com\/fr\/wp-json\/wp\/v2\/users\/2"}],"replies":[{"embeddable":true,"href":"https:\/\/www.europesays.com\/fr\/wp-json\/wp\/v2\/comments?post=431056"}],"version-history":[{"count":0,"href":"https:\/\/www.europesays.com\/fr\/wp-json\/wp\/v2\/posts\/431056\/revisions"}],"wp:featuredmedia":[{"embeddable":true,"href":"https:\/\/www.europesays.com\/fr\/wp-json\/wp\/v2\/media\/431057"}],"wp:attachment":[{"href":"https:\/\/www.europesays.com\/fr\/wp-json\/wp\/v2\/media?parent=431056"}],"wp:term":[{"taxonomy":"category","embeddable":true,"href":"https:\/\/www.europesays.com\/fr\/wp-json\/wp\/v2\/categories?post=431056"},{"taxonomy":"post_tag","embeddable":true,"href":"https:\/\/www.europesays.com\/fr\/wp-json\/wp\/v2\/tags?post=431056"}],"curies":[{"name":"wp","href":"https:\/\/api.w.org\/{rel}","templated":true}]}}