{"id":431058,"date":"2025-10-01T12:02:13","date_gmt":"2025-10-01T12:02:13","guid":{"rendered":"https:\/\/www.europesays.com\/fr\/431058\/"},"modified":"2025-10-01T12:02:13","modified_gmt":"2025-10-01T12:02:13","slug":"la-fete-de-la-biere-a-munich-provisoirement-fermee-apres-une-explosion-qui-a-fait-au-moins-un-mort","status":"publish","type":"post","link":"https:\/\/www.europesays.com\/fr\/431058\/","title":{"rendered":"La F\u00eate de la bi\u00e8re \u00e0 Munich provisoirement ferm\u00e9e, apr\u00e8s une explosion qui a fait au moins un mort"},"content":{"rendered":"<p>                          <img loading=\"lazy\" decoding=\"async\" src=\"https:\/\/www.europesays.com\/fr\/wp-content\/uploads\/2025\/10\/7bf5183_ftp-import-images-1-63c19satxyh6-b2507a57a1484b3f852e13b073de69d9-0-0e9fb1c7eda640e5aa09a9d6.jpeg\" alt=\"Des voitures incendi\u00e9es sont visibles dans une rue apr\u00e8s un incendie \u00e0 Munich, en Allemagne, mercredi\u00a01\u1d49\u02b3\u00a0octobre 2025. \"   width=\"664\" height=\"443\"\/>    Des voitures incendi\u00e9es sont visibles dans une rue apr\u00e8s un incendie \u00e0 Munich, en Allemagne, mercredi\u00a01\u1d49\u02b3\u00a0octobre 2025.  ROLAND FREUND \/ AP                          <\/p>\n<p class=\"article__paragraph  \">La c\u00e9l\u00e8bre F\u00eate de la bi\u00e8re \u00e0 Munich, dans le sud de l\u2019Allemagne, a \u00e9t\u00e9 provisoirement ferm\u00e9e mercredi 1er\u00a0octobre, apr\u00e8s un incendie suivi d\u2019une explosion dans le nord de la ville qui a fait au moins un mort, a d\u00e9clar\u00e9 la police.<\/p>\n<p class=\"article__paragraph  \">La police a fait savoir que des engins explosifs avaient \u00e9t\u00e9 d\u00e9couverts dans un immeuble r\u00e9sidentiel du nord de Munich, o\u00f9 l\u2019incident s\u2019est produit, et qu\u2019elle enqu\u00eatait sur un \u00e9ventuel lien avec F\u00eate de la bi\u00e8re. L\u2019\u00e9v\u00e9nement qui se tient du\u00a020 septembre au\u00a05 octobre, pr\u00e8s du centre de la capitale bavaroise, est consid\u00e9r\u00e9 comme la plus grande f\u00eate foraine du monde. L\u2019ann\u00e9e derni\u00e8re, pr\u00e8s de 7\u00a0millions de visiteurs s\u2019y \u00e9taient rendus.<\/p>\n<p class=\"article__paragraph  \">L\u2019auteur pr\u00e9sum\u00e9 des faits a \u00e9t\u00e9 retrouv\u00e9 bless\u00e9 \u00e0 proximit\u00e9 d\u2019un lac, pr\u00e8s de la maison incendi\u00e9e. Il est mort des suites de ses blessures, selon la police. Une personne est port\u00e9e disparue, a-t-elle ajout\u00e9, pr\u00e9cisant que cette personne n\u2019\u00e9tait pas estim\u00e9e comme dangereuse. \u00ab\u00a0D\u2019apr\u00e8s les premiers \u00e9l\u00e9ments de l\u2019enqu\u00eate, la maison a \u00e9t\u00e9 incendi\u00e9e apr\u00e8s un conflit familial\u00a0\u00bb, d\u00e9clare la m\u00eame source.<\/p>\n<p class=\"article__paragraph  \">Dans un post sur Instagram, le maire de Munich, Dieter Reiter, a mis en garde contre un\u00a0\u00ab\u00a0danger pour l\u2019Oktoberfest\u00a0\u00bb\u00a0en raison de menaces \u00e9mises par le suspect impliqu\u00e9 dans l\u2019incendie de la maison du nord de la ville, sans donner de d\u00e9tails pr\u00e9cis.<\/p>\n<p class=\"article__paragraph  \">Selon le quotidien allemand S\u00fcddeutsche Zeitung, M.\u00a0Reiter a fait \u00e9tat \u00e0 ses conseillers municipaux d\u2019une lettre du suspect prof\u00e9rant des menaces contre l\u2019Oktoberfest.<\/p>\n<p class=\"article__paragraph  \">\u00ab\u00a0La F\u00eate de la bi\u00e8re restera ferm\u00e9e provisoirement jusqu\u2019\u00e0 17\u00a0heures en raison d\u2019une alerte \u00e0 la bombe li\u00e9e \u00e0 une explosion dans le nord de Munich\u00a0\u00bb, a annonc\u00e9 l\u2019Oktoberfest sur son site.<\/p>\n<p class=\"author__detail\">  Le Monde avec AFP  <\/p>\n<p>                  <a href=\"https:\/\/www.lemonde.fr\/syndication\/\" class=\"reuse__content\" title=\"R\u00e9utiliser ce contenu\" target=\"_blank\" rel=\"nofollow noopener\">R\u00e9utiliser ce contenu<\/a>      <\/p>\n","protected":false},"excerpt":{"rendered":"Des voitures incendi\u00e9es sont visibles dans une rue apr\u00e8s un incendie \u00e0 Munich, en Allemagne, mercredi\u00a01\u1d49\u02b3\u00a0octobre 2025. ROLAND&hellip;\n","protected":false},"author":2,"featured_media":431059,"comment_status":"","ping_status":"","sticky":false,"template":"","format":"standard","meta":{"footnotes":""},"categories":[1888],"tags":[1111,1928,11,1927,1777,674,1011,27,12,1926,626,1925,25],"class_list":{"0":"post-431058","1":"post","2":"type-post","3":"status-publish","4":"format-standard","5":"has-post-thumbnail","7":"category-paris","8":"tag-actu","9":"tag-actu-paris","10":"tag-actualites","11":"tag-actualites-paris","12":"tag-eu","13":"tag-europe","14":"tag-fr","15":"tag-france","16":"tag-news","17":"tag-news-paris","18":"tag-paris","19":"tag-paris-news","20":"tag-republique-francaise"},"share_on_mastodon":{"url":"https:\/\/pubeurope.com\/@fr\/115298812208421945","error":""},"_links":{"self":[{"href":"https:\/\/www.europesays.com\/fr\/wp-json\/wp\/v2\/posts\/431058","targetHints":{"allow":["GET"]}}],"collection":[{"href":"https:\/\/www.europesays.com\/fr\/wp-json\/wp\/v2\/posts"}],"about":[{"href":"https:\/\/www.europesays.com\/fr\/wp-json\/wp\/v2\/types\/post"}],"author":[{"embeddable":true,"href":"https:\/\/www.europesays.com\/fr\/wp-json\/wp\/v2\/users\/2"}],"replies":[{"embeddable":true,"href":"https:\/\/www.europesays.com\/fr\/wp-json\/wp\/v2\/comments?post=431058"}],"version-history":[{"count":0,"href":"https:\/\/www.europesays.com\/fr\/wp-json\/wp\/v2\/posts\/431058\/revisions"}],"wp:featuredmedia":[{"embeddable":true,"href":"https:\/\/www.europesays.com\/fr\/wp-json\/wp\/v2\/media\/431059"}],"wp:attachment":[{"href":"https:\/\/www.europesays.com\/fr\/wp-json\/wp\/v2\/media?parent=431058"}],"wp:term":[{"taxonomy":"category","embeddable":true,"href":"https:\/\/www.europesays.com\/fr\/wp-json\/wp\/v2\/categories?post=431058"},{"taxonomy":"post_tag","embeddable":true,"href":"https:\/\/www.europesays.com\/fr\/wp-json\/wp\/v2\/tags?post=431058"}],"curies":[{"name":"wp","href":"https:\/\/api.w.org\/{rel}","templated":true}]}}