{"id":431060,"date":"2025-10-01T12:03:15","date_gmt":"2025-10-01T12:03:15","guid":{"rendered":"https:\/\/www.europesays.com\/fr\/431060\/"},"modified":"2025-10-01T12:03:15","modified_gmt":"2025-10-01T12:03:15","slug":"a-la-caserne-a-paris-on-suit-les-defiles-de-mode-comme-une-finale-de-foot-2","status":"publish","type":"post","link":"https:\/\/www.europesays.com\/fr\/431060\/","title":{"rendered":"A La Caserne, \u00e0 Paris, on suit les d\u00e9fil\u00e9s de mode comme une finale de foot"},"content":{"rendered":"<p>\n                                        <b>Par<\/b><br \/>\n                                        <br \/>AFP\n                                    <\/p>\n<p>\n                                    <b>Publi\u00e9 le<\/b><br \/>\n                                    <\/p>\n<p>                                        1 octobre 2025<\/p>\n<p class=\"article-content col-md-8 offset-md-1\">\n                                Un \u00e9cran g\u00e9ant, des cris enthousiastes et des salves d&rsquo;applaudissements: dans un incubateur de mode parisien, un millier de personnes se sont retrouv\u00e9es mardi soir dans une ambiance de finale de Coupe du monde pour suivre&#8230; un d\u00e9fil\u00e9.<\/p>\n<p><img decoding=\"async\" class=\"news-image\" style=\"width:100%;\" src=\"https:\/\/www.europesays.com\/fr\/wp-content\/uploads\/2025\/10\/aef2.jpg\" alt=\"La Caserne a accueilli le 30 septembre 2025 une 'watch party' consistant \u00e0 regarder les d\u00e9fil\u00e9s de la Fashion Week sur un \u00e9cran g\u00e9ant entre amateurs de mode.\" loading=\"lazy\"\/>La Caserne a accueilli le 30 septembre 2025 une \u00ab\u00a0watch party\u00a0\u00bb consistant \u00e0 regarder les d\u00e9fil\u00e9s de la Fashion Week sur un \u00e9cran g\u00e9ant entre amateurs de mode. &#8211; \u00a9 JULIEN DE ROSA \/ AFP<\/p>\n<p class=\"col-md-8 offset-md-1 article-content--texte\">Alors que la Fashion Week bat son plein, La Caserne, lieu d\u00e9di\u00e9 \u00e0 la mode dans le Xe arrondissement, accueille un \u00e9v\u00e9nement in\u00e9dit et gratuit: une \u00ab\u00a0watch party\u00a0\u00bb, qui consiste \u00e0 r\u00e9unir des passionn\u00e9s pour regarder les d\u00e9fil\u00e9s.<\/p>\n<p>\u00ab\u00a0Ouhouuu !\u00a0\u00bb, crie avec ferveur la foule rassembl\u00e9e, les yeux riv\u00e9s sur l&rsquo;\u00e9cran g\u00e9ant en forme de MacBook o\u00f9 d\u00e9file la nouvelle collection <a class=\"fnwAddLinks\" href=\"https:\/\/fr.fashionnetwork.com\/tags-courreges\" title=\"Courr\u00e8ges\" target=\"_blank\" rel=\"noopener\">Courr\u00e8ges<\/a>, un verre \u00e0 la main.<\/p>\n<p class=\"col-md-8 offset-md-1 article-content--texte\">Derri\u00e8re le concept, Lyas, un influenceur fran\u00e7ais de 26 ans suivi par 368.000 abonn\u00e9s sur Instagram et 285.000 sur TikTok. \u00ab\u00a0Le but, c&rsquo;est vraiment de d\u00e9mocratiser un milieu bas\u00e9 sur l&rsquo;\u00e9litisme et de rendre le truc hyper inclusif\u00a0\u00bb, explique Elias Medini, de son vrai nom.<\/p>\n<p>Son id\u00e9e est n\u00e9e d&rsquo;une frustration: pas invit\u00e9 au premier d\u00e9fil\u00e9 <a class=\"fnwAddLinks\" href=\"https:\/\/fr.fashionnetwork.com\/tags-dior\" title=\"Dior\" target=\"_blank\" rel=\"noopener\">Dior<\/a> Homme de Jonathan Anderson en juin, Lyas organise sa propre retransmission dans son bar de quartier.<\/p>\n<p>\u00ab\u00a0J&rsquo;avais tr\u00e8s envie de voir ce d\u00e9fil\u00e9, mais pas tout seul\u00a0\u00bb, explique-t-il. R\u00e9sultat: 350 personnes se sont d\u00e9plac\u00e9es pour commenter les premi\u00e8res cr\u00e9ations du couturier nord-irlandais.<\/p>\n<p>Fort de ce succ\u00e8s, Lyas a d\u00e9velopp\u00e9 son concept pour \u00eatre pr\u00eat pour la rentr\u00e9e.<\/p>\n<p class=\"col-md-10 exergue\">Pas de premier rang\u00a0<\/p>\n<p>Ses \u00e9v\u00e9nements sont financ\u00e9s en grande partie par des partenariats avec des grandes marques, notamment les cosm\u00e9tiques Mac, et il s&rsquo;est adjoint les services de l&rsquo;agence de communication Lucien Pag\u00e8s, bien connue dans la mode.<\/p>\n<p>Apr\u00e8s une \u00ab\u00a0watch party\u00a0\u00bb pendant la Fashion Week de Londres et deux \u00e0 Milan, il s&rsquo;est install\u00e9 \u00e0 La Caserne, qui peut accueillir jusqu&rsquo;\u00e0 1.200 personnes.<\/p>\n<p>Chaque jour de la semaine de la mode parisienne, un ou deux d\u00e9fil\u00e9s sont diffus\u00e9s en direct, parmi lesquels <a class=\"fnwAddLinks\" href=\"https:\/\/fr.fashionnetwork.com\/tags-balenciaga\" title=\"Balenciaga\" target=\"_blank\" rel=\"noopener\">Balenciaga<\/a> et <a class=\"fnwAddLinks\" href=\"https:\/\/fr.fashionnetwork.com\/tags-loewe\" title=\"Loewe\" target=\"_blank\" rel=\"noopener\">Loewe<\/a> mais surtout les tr\u00e8s attendus shows Dior et <a class=\"fnwAddLinks\" href=\"https:\/\/fr.fashionnetwork.com\/tags-chanel\" title=\"Chanel\" target=\"_blank\" rel=\"noopener\">Chanel<\/a>.<\/p>\n<p>\u00ab\u00a0Souvent il y a des \u00e9v\u00e9nements pour les fans de foot, mais jamais rien pour les amoureux de la mode\u00a0\u00bb, assure Agathe, cr\u00e9atrice de contenus de 26 ans, qui n&rsquo;a pas souhait\u00e9 donner son nom de famille.<\/p>\n<p>Ici, pas de carton d&rsquo;invitation ni de premier rang: tout le monde est log\u00e9 \u00e0 la m\u00eame enseigne, premier arriv\u00e9, premier servi. Seul imp\u00e9ratif, porter du rouge \u00e0 l\u00e8vres rouge, marque de fabrique de l&rsquo;influenceur.<\/p>\n<p>\u00ab\u00a0Je trouve \u00e7a g\u00e9nial (&#8230;) Il n&rsquo;y a qu&rsquo;\u00e0 Paris et pendant la Fashion Week que \u00e7a peut arriver\u00a0\u00bb, estime de son c\u00f4t\u00e9 Mateus Rodrigues, journaliste br\u00e9silien de 27 ans.<\/p>\n<p>Par rapport aux d\u00e9fil\u00e9s traditionnels, \u00ab\u00a0il y a une meilleure ambiance\u00a0\u00bb, estime la drag queen Keiona. \u00ab\u00a0C&rsquo;est beaucoup plus jeune, plus frais\u00a0\u00bb.<\/p>\n<p class=\"col-md-10 exergue\">\u00ab\u00a0Une chance \u00e9norme\u00a0\u00bb\u00a0<\/p>\n<p>En v\u00e9ritable showman, l&rsquo;organisateur propose plusieurs jeux pour offrir des cadeaux aux participants avant le coup d&rsquo;envoi du d\u00e9fil\u00e9.<\/p>\n<p><a class=\"fnwAddLinks\" href=\"https:\/\/fr.fashionnetwork.com\/tags-aldo\" title=\"Aldo\" target=\"_blank\" rel=\"noopener\">Aldo<\/a> remporte ainsi une place pour le d\u00e9fil\u00e9 Courr\u00e8ges. Apr\u00e8s avoir trouv\u00e9 la paire de lunettes envoy\u00e9e par la marque en guise d&rsquo;invitation, il grimpe sur un taxi-moto pour rejoindre le show.<\/p>\n<p><a class=\"fnwAddLinks\" href=\"https:\/\/fr.fashionnetwork.com\/tags-lou\" title=\"Lou\" target=\"_blank\" rel=\"noopener\">Lou<\/a>-Agathe, une artiste de 18 ans qui suit d&rsquo;ordinaire tous les d\u00e9fil\u00e9s sur les r\u00e9seaux sociaux, remporte un blouson apr\u00e8s une chor\u00e9graphie sur \u00ab\u00a0I Will Survive\u00a0\u00bb de Gloria Gaynor.<\/p>\n<p>\u00ab\u00a0Je suis compl\u00e8tement choqu\u00e9e. C&rsquo;est juste exceptionnel!\u00a0\u00bb, s&rsquo;enthousiasme-t-elle. \u00ab\u00a0C&rsquo;est une chance \u00e9norme pour nous qui n&rsquo;avons pas la chance d&rsquo;aller dans ces d\u00e9fil\u00e9s\u00a0\u00bb, ajoute cette fan d&rsquo;Yves <a class=\"fnwAddLinks\" href=\"https:\/\/fr.fashionnetwork.com\/tags-saint-laurent\" title=\"Saint Laurent\" target=\"_blank\" rel=\"noopener\">Saint Laurent<\/a>.<\/p>\n<p>Apr\u00e8s l&rsquo;attente, \u00e0 19h10, le d\u00e9fil\u00e9 commence enfin. Les plus chanceux s&rsquo;installent sur des canap\u00e9s aux c\u00f4t\u00e9s de Lyas, d&rsquo;autres s&rsquo;assoient par terre ou restent debout.<\/p>\n<p>Certaines silhouettes font plus l&rsquo;unanimit\u00e9 que d&rsquo;autres, mais globalement la collection convainc.<\/p>\n<p>Gr\u00e2ce \u00e0 un QR code sur l&rsquo;\u00e9cran g\u00e9ant, les participants votent en ligne: la note moyenne est de 3,8\/5, mieux que le d\u00e9fil\u00e9 Saint Laurent, qui avait r\u00e9colt\u00e9 3,2 points la veille.<\/p>\n<p>19h40, fin du d\u00e9fil\u00e9. Les participants se ruent sur Lyas pour le remercier avant de rentrer chez eux. Avec la certitude que d\u00e9sormais la Fashion Week ne se limite plus aux premiers rangs.<\/p>\n<p>Par Marine DO-VALE<br \/>Paris, 1 oct 2025 (AFP)\u00a0\n                            <\/p>\n<p>\n                                Tous droits de reproduction et de repr\u00e9sentation r\u00e9serv\u00e9s.<br \/>\u00a9 2025 Agence France-Presse<br \/>Toutes les informations reproduites dans cette rubrique (ou sur cette page selon le cas) sont prot\u00e9g\u00e9es par des droits de propri\u00e9t\u00e9 intellectuelle d\u00e9tenus par l&rsquo;AFP. Par cons\u00e9quent, aucune de ces informations ne peut \u00eatre reproduite, modifi\u00e9e, rediffus\u00e9e, traduite, exploit\u00e9e commercialement ou r\u00e9utilis\u00e9e de quelque mani\u00e8re que ce soit sans l&rsquo;accord pr\u00e9alable \u00e9crit de l&rsquo;AFP. L&rsquo;AFP ne pourra \u00eatre tenue pour responsable des d\u00e9lais, erreurs, omissions qui ne peuvent \u00eatre exclus, ni des cons\u00e9quences des actions ou transactions effectu\u00e9es sur la base de ces informations.\n                            <\/p>\n","protected":false},"excerpt":{"rendered":"Par AFP Publi\u00e9 le 1 octobre 2025 Un \u00e9cran g\u00e9ant, des cris enthousiastes et des salves d&rsquo;applaudissements: dans&hellip;\n","protected":false},"author":2,"featured_media":431061,"comment_status":"","ping_status":"","sticky":false,"template":"","format":"standard","meta":{"footnotes":""},"categories":[1888],"tags":[1111,1928,11,1927,18169,13774,2424,1890,537,2423,41075,21472,1777,674,1011,27,41073,9216,2425,42055,985,12,1926,2298,626,1925,2426,2427,25,2421,13507,2422],"class_list":{"0":"post-431060","1":"post","2":"type-post","3":"status-publish","4":"format-standard","5":"has-post-thumbnail","7":"category-paris","8":"tag-actu","9":"tag-actu-paris","10":"tag-actualites","11":"tag-actualites-paris","12":"tag-aldo","13":"tag-balenciaga","14":"tag-beaute","15":"tag-chanel","16":"tag-contact","17":"tag-cosmetiques","18":"tag-courreges","19":"tag-dior","20":"tag-eu","21":"tag-europe","22":"tag-fr","23":"tag-france","24":"tag-loewe","25":"tag-lou","26":"tag-luxe","27":"tag-m-a-c","28":"tag-mode","29":"tag-news","30":"tag-news-paris","31":"tag-parfum","32":"tag-paris","33":"tag-paris-news","34":"tag-professionnel","35":"tag-professionnels","36":"tag-republique-francaise","37":"tag-reseau","38":"tag-saint-laurent","39":"tag-textile"},"share_on_mastodon":{"url":"https:\/\/pubeurope.com\/@fr\/115298815578823577","error":""},"_links":{"self":[{"href":"https:\/\/www.europesays.com\/fr\/wp-json\/wp\/v2\/posts\/431060","targetHints":{"allow":["GET"]}}],"collection":[{"href":"https:\/\/www.europesays.com\/fr\/wp-json\/wp\/v2\/posts"}],"about":[{"href":"https:\/\/www.europesays.com\/fr\/wp-json\/wp\/v2\/types\/post"}],"author":[{"embeddable":true,"href":"https:\/\/www.europesays.com\/fr\/wp-json\/wp\/v2\/users\/2"}],"replies":[{"embeddable":true,"href":"https:\/\/www.europesays.com\/fr\/wp-json\/wp\/v2\/comments?post=431060"}],"version-history":[{"count":0,"href":"https:\/\/www.europesays.com\/fr\/wp-json\/wp\/v2\/posts\/431060\/revisions"}],"wp:featuredmedia":[{"embeddable":true,"href":"https:\/\/www.europesays.com\/fr\/wp-json\/wp\/v2\/media\/431061"}],"wp:attachment":[{"href":"https:\/\/www.europesays.com\/fr\/wp-json\/wp\/v2\/media?parent=431060"}],"wp:term":[{"taxonomy":"category","embeddable":true,"href":"https:\/\/www.europesays.com\/fr\/wp-json\/wp\/v2\/categories?post=431060"},{"taxonomy":"post_tag","embeddable":true,"href":"https:\/\/www.europesays.com\/fr\/wp-json\/wp\/v2\/tags?post=431060"}],"curies":[{"name":"wp","href":"https:\/\/api.w.org\/{rel}","templated":true}]}}