{"id":431070,"date":"2025-10-01T12:09:10","date_gmt":"2025-10-01T12:09:10","guid":{"rendered":"https:\/\/www.europesays.com\/fr\/431070\/"},"modified":"2025-10-01T12:09:10","modified_gmt":"2025-10-01T12:09:10","slug":"le-statut-de-resident-permanent-devra-se-meriter","status":"publish","type":"post","link":"https:\/\/www.europesays.com\/fr\/431070\/","title":{"rendered":"le statut de r\u00e9sident permanent devra \u201cse m\u00e9riter\u201d"},"content":{"rendered":"\n<p>Pour obtenir le droit de vivre au Royaume-Uni, il faudra d\u00e9montrer sa contribution \u00e0 la vie du pays. C\u2019est tout l\u2019esprit de la r\u00e9forme des crit\u00e8res d\u2019attribution de la r\u00e9sidence permanente annonc\u00e9e le 29\u00a0septembre par Shabana Mahmood, la ministre de l\u2019Int\u00e9rieur, lors de la conf\u00e9rence annuelle du Parti travailliste, <a class=\"ithalc\" data-ithal=\"lien_externe\" data-ithalc=\"[nav_article]\" target=\"_blank\" href=\"https:\/\/www.bbc.com\/news\/articles\/c0m4g3zvy02o\" rel=\"noopener\">rapporte le site de la <strong>BBC<\/strong><\/a><strong>.<\/strong><\/p>\n<p>Les candidats devront non seulement faire preuve d\u2019un excellent niveau d\u2019anglais, avoir un emploi r\u00e9gulier, un casier judiciaire vierge et acquitter des cotisations sociales, mais aussi apporter la preuve qu\u2019ils sont parfaitement int\u00e9gr\u00e9s localement, qu\u2019ils participent \u00e0 des actions b\u00e9n\u00e9voles, qu\u2019ils ne per\u00e7oivent pas d\u2019aide sociale et qu\u2019ils sont pr\u00e9sents dans le pays depuis au moins dix ans.<\/p>\n<p>Actuellement, pour avoir le droit de vivre, d\u2019\u00e9tudier ou de travailler au Royaume-Uni de mani\u00e8re permanente, les immigrants peuvent faire une demande de permis de s\u00e9jour illimit\u00e9 au terme de cinq ans de pr\u00e9sence dans le pays. Le gouvernement pr\u00e9voit donc de doubler la p\u00e9riode n\u00e9cessaire pour obtenir ce statut.<\/p>\n<p>\u201cPour m\u00e9riter leur droit de rester au Royaume-Uni, les immigrants l\u00e9gaux devront contribuer \u00e0 la soci\u00e9t\u00e9\u201d, confirme un communiqu\u00e9 du Parti travailliste. Les mesures annonc\u00e9es s\u2019inscrivent dans un contexte politique tendu, explique la BBC, et visent surtout \u00e0 convaincre les \u00e9lecteurs qui pourraient \u00eatre s\u00e9duits par le programme de Reform UK, le parti populiste de droite r\u00e9cemment plac\u00e9 en t\u00eate des sondages en Angeterre.<\/p>\n<p>Afin de limiter l\u2019immigration, Nigel Farage, le chef de file de Reform UK, pr\u00e9voit quant \u00e0 lui de remplacer le permis de s\u00e9jour permanent par des visas de cinq ans. Ce dispositif obligerait tous les immigrants \u2013 y compris ceux qui b\u00e9n\u00e9ficient d\u00e9j\u00e0 de la r\u00e9sidence permanente \u2013 \u00e0 pr\u00e9senter r\u00e9guli\u00e8rement une nouvelle demande de titre de s\u00e9jour. Un projet qualifi\u00e9 d\u2019\u201cimmoral\u201d et de \u201craciste\u201d par l\u2019actuel Premier ministre, Keir Starmer.<\/p>\n","protected":false},"excerpt":{"rendered":"Pour obtenir le droit de vivre au Royaume-Uni, il faudra d\u00e9montrer sa contribution \u00e0 la vie du pays.&hellip;\n","protected":false},"author":2,"featured_media":431071,"comment_status":"","ping_status":"","sticky":false,"template":"","format":"standard","meta":{"footnotes":""},"categories":[1588],"tags":[11,1856,1777,674,1061,12,473,1853,1851,1850,1852],"class_list":{"0":"post-431070","1":"post","2":"type-post","3":"status-publish","4":"format-standard","5":"has-post-thumbnail","7":"category-royaume-uni","8":"tag-actualites","9":"tag-courrier-expat","10":"tag-eu","11":"tag-europe","12":"tag-immigration","13":"tag-news","14":"tag-royaume-uni","15":"tag-royaume-uni-de-grande-bretagne-et-dirlande-du-nord","16":"tag-uk","17":"tag-united-kingdom","18":"tag-united-kingdom-of-great-britain-and-northern-ireland"},"share_on_mastodon":{"url":"https:\/\/pubeurope.com\/@fr\/115298839063780814","error":""},"_links":{"self":[{"href":"https:\/\/www.europesays.com\/fr\/wp-json\/wp\/v2\/posts\/431070","targetHints":{"allow":["GET"]}}],"collection":[{"href":"https:\/\/www.europesays.com\/fr\/wp-json\/wp\/v2\/posts"}],"about":[{"href":"https:\/\/www.europesays.com\/fr\/wp-json\/wp\/v2\/types\/post"}],"author":[{"embeddable":true,"href":"https:\/\/www.europesays.com\/fr\/wp-json\/wp\/v2\/users\/2"}],"replies":[{"embeddable":true,"href":"https:\/\/www.europesays.com\/fr\/wp-json\/wp\/v2\/comments?post=431070"}],"version-history":[{"count":0,"href":"https:\/\/www.europesays.com\/fr\/wp-json\/wp\/v2\/posts\/431070\/revisions"}],"wp:featuredmedia":[{"embeddable":true,"href":"https:\/\/www.europesays.com\/fr\/wp-json\/wp\/v2\/media\/431071"}],"wp:attachment":[{"href":"https:\/\/www.europesays.com\/fr\/wp-json\/wp\/v2\/media?parent=431070"}],"wp:term":[{"taxonomy":"category","embeddable":true,"href":"https:\/\/www.europesays.com\/fr\/wp-json\/wp\/v2\/categories?post=431070"},{"taxonomy":"post_tag","embeddable":true,"href":"https:\/\/www.europesays.com\/fr\/wp-json\/wp\/v2\/tags?post=431070"}],"curies":[{"name":"wp","href":"https:\/\/api.w.org\/{rel}","templated":true}]}}