{"id":431072,"date":"2025-10-01T12:10:10","date_gmt":"2025-10-01T12:10:10","guid":{"rendered":"https:\/\/www.europesays.com\/fr\/431072\/"},"modified":"2025-10-01T12:10:10","modified_gmt":"2025-10-01T12:10:10","slug":"la-retraite-active-mesure-phare-de-lautomne-des-reformes-de-friedrich-merz","status":"publish","type":"post","link":"https:\/\/www.europesays.com\/fr\/431072\/","title":{"rendered":"la \u00abretraite active\u00bb, mesure phare de l\u2019\u00abautomne des r\u00e9formes\u00bb de Friedrich Merz"},"content":{"rendered":"<p>Le chancelier et sa coalition gouvernementale sont d\u00e9termin\u00e9s \u00e0 proc\u00e9der \u00e0 de \u00abgrands changements\u00bb pour relancer la premi\u00e8re \u00e9conomie d\u2019Europe, en r\u00e9cession.<\/p>\n<p class=\"fig-paragraph\">Wolfgang N\u00f6tzold, qui s\u2019appr\u00eate \u00e0 f\u00eater ses 79 ans, a eu mille vies\u00a0: enseignant, p\u00e8re au foyer, charg\u00e9 de formation, expert en d\u00e9veloppement organisationnel,\u00a0<a href=\"http:\/\/www.lefigaro.fr\/decideurs\/emploi\/salaires-ouvriers-employes-cadres-jusqu-a-combien-peut-on-gagner-en-france-20250217\" data-fig-type=\"Article\" data-gtm-custom-categorie=\"navigation\" data-gtm-custom-action=\"crossclick\" data-gtm-custom-label=\"Contextuel\" data-gtm-event=\"customEventSPE\" data-fig-domain=\"LEFIGARO\" target=\"_blank\" rel=\"noopener\">consultant<\/a>\u2026 Son \u00e2ge avanc\u00e9 ne l\u2019emp\u00eache d\u2019ailleurs pas de continuer \u00e0 \u00eatre actif. En plus de ses activit\u00e9s b\u00e9n\u00e9voles, il travaille d\u00e9sormais \u00e0 temps partiel comme \u00ab figurant d\u2019\u00e9clairage\u00a0\u00bb au th\u00e9\u00e2tre d\u2019Essen, en Rh\u00e9nanie du Nord\u2013Westphalie. Et est loin d\u2019\u00eatre le seul dans son entourage \u00e0 avoir fait le choix de continuer \u00e0 exercer une activit\u00e9 professionnelle bien apr\u00e8s l\u2019\u00e2ge de la\u00a0<a href=\"http:\/\/www.lefigaro.fr\/flash-eco\/fiscalite-retraites-l-ocde-exhorte-l-allemagne-a-plus-de-reformes-20250612\" data-fig-type=\"NewsFlash\" data-gtm-custom-categorie=\"navigation\" data-gtm-custom-action=\"crossclick\" data-gtm-custom-label=\"Contextuel\" data-gtm-event=\"customEventSPE\" data-fig-domain=\"LEFIGARO\" target=\"_blank\" rel=\"noopener\">retraite<\/a>. Pourquoi? \u00ab Par int\u00e9r\u00eat, par envie, parce que j\u2019ai une petite pension\u00a0\u00bb &#8211; moins de 1500 euros par mois, r\u00e9pond le septuag\u00e9naire.<\/p>\n<p class=\"fig-paragraph\">En 2014, avec Cornelia Sperling, Wolfgang N\u00f6tzold a lanc\u00e9 l\u2019initiative \u00ab M\u00e4use f\u00fcr \u00c4ltere\u00a0\u00bb (en allemand, \u00ab Maus\u00a0\u00bb signifie \u00ab souris\u00a0\u00bb, mais aussi \u00ab argent\u00a0\u00bb en langage familier, NDLR). Onze ans plus tard, leur association a trouv\u00e9 son public et essaim\u00e9 dans plusieurs autres villes, organisant\u2026<\/p>\n<p class=\"fig-premium-paywall__infos\">\n        Cet article est r\u00e9serv\u00e9 aux abonn\u00e9s.        Il vous reste 86% \u00e0 d\u00e9couvrir.\n    <\/p>\n<p>                <img  data- alt=\"Le Figaro\" class=\"fig-img--complete fig-img\"\/><\/p>\n<p class=\"fig-premium-paywall__title\">Vous avez envie de lire la suite ?<\/p>\n<p class=\"fig-premium-paywall__subtitle\">D\u00e9bloquez tous les articles imm\u00e9diatement.<\/p>\n<p class=\"fig-premium-paywall__connect\">\n                D\u00e9j\u00e0 abonn\u00e9\u00a0?                <a class=\"fig-premium-paywall__connect-link\" href=\"https:\/\/connect.lefigaro.fr\/login?client=horizon_web&amp;type=main&amp;redirect_uri=https%3A%2F%2Fwww.lefigaro.fr%2Fconjoncture%2Fallemagne-la-retraite-active-mesure-phare-de-l-automne-des-reformes-de-friedrich-merz-20251001\" data-js-gtm=\"{&quot;customCategorie&quot;: &quot;conversion&quot;, &quot;customAction&quot;: &quot;before_Landing_Connexion_paywall_auto&quot;, &quot;customLabel&quot;: &quot;bGVmaWdhcm8uZnJfXzFmMDlkZDA2LWUxYjMtNjQ1YS04ZjhhLTk1YzBhYWVlZjY5M19fQXJ0aWNsZQ==_Allemagne: la \u00abretraite active\u00bb, mesure phare de l\u2019\u00abautomne des r\u00e9formes\u00bb de Friedrich Merz_305&quot;, &quot;customIDSPE&quot;: &quot;bGVmaWdhcm8uZnJfXzFmMDlkZDA2LWUxYjMtNjQ1YS04ZjhhLTk1YzBhYWVlZjY5M19fQXJ0aWNsZQ==&quot;, &quot;event&quot;: &quot;customEventSPE&quot;}\" target=\"_blank\" rel=\"noopener\"><br \/>\n                    Connectez-vous<br \/>\n                <\/a>\n            <\/p>\n","protected":false},"excerpt":{"rendered":"Le chancelier et sa coalition gouvernementale sont d\u00e9termin\u00e9s \u00e0 proc\u00e9der \u00e0 de \u00abgrands changements\u00bb pour relancer la premi\u00e8re&hellip;\n","protected":false},"author":2,"featured_media":431073,"comment_status":"","ping_status":"","sticky":false,"template":"","format":"standard","meta":{"footnotes":""},"categories":[1587],"tags":[11,672,1804,1805,1803,1777,674,4710,1801,12,1802,9910],"class_list":{"0":"post-431072","1":"post","2":"type-post","3":"status-publish","4":"format-standard","5":"has-post-thumbnail","7":"category-allemagne","8":"tag-actualites","9":"tag-allemagne","10":"tag-bundesrepublik-deutschland","11":"tag-de","12":"tag-deutschland","13":"tag-eu","14":"tag-europe","15":"tag-friedrich-merz","16":"tag-germany","17":"tag-news","18":"tag-republique-federale-dallemagne","19":"tag-retraites"},"share_on_mastodon":{"url":"https:\/\/pubeurope.com\/@fr\/115298843155712596","error":""},"_links":{"self":[{"href":"https:\/\/www.europesays.com\/fr\/wp-json\/wp\/v2\/posts\/431072","targetHints":{"allow":["GET"]}}],"collection":[{"href":"https:\/\/www.europesays.com\/fr\/wp-json\/wp\/v2\/posts"}],"about":[{"href":"https:\/\/www.europesays.com\/fr\/wp-json\/wp\/v2\/types\/post"}],"author":[{"embeddable":true,"href":"https:\/\/www.europesays.com\/fr\/wp-json\/wp\/v2\/users\/2"}],"replies":[{"embeddable":true,"href":"https:\/\/www.europesays.com\/fr\/wp-json\/wp\/v2\/comments?post=431072"}],"version-history":[{"count":0,"href":"https:\/\/www.europesays.com\/fr\/wp-json\/wp\/v2\/posts\/431072\/revisions"}],"wp:featuredmedia":[{"embeddable":true,"href":"https:\/\/www.europesays.com\/fr\/wp-json\/wp\/v2\/media\/431073"}],"wp:attachment":[{"href":"https:\/\/www.europesays.com\/fr\/wp-json\/wp\/v2\/media?parent=431072"}],"wp:term":[{"taxonomy":"category","embeddable":true,"href":"https:\/\/www.europesays.com\/fr\/wp-json\/wp\/v2\/categories?post=431072"},{"taxonomy":"post_tag","embeddable":true,"href":"https:\/\/www.europesays.com\/fr\/wp-json\/wp\/v2\/tags?post=431072"}],"curies":[{"name":"wp","href":"https:\/\/api.w.org\/{rel}","templated":true}]}}