{"id":431076,"date":"2025-10-01T12:12:20","date_gmt":"2025-10-01T12:12:20","guid":{"rendered":"https:\/\/www.europesays.com\/fr\/431076\/"},"modified":"2025-10-01T12:12:20","modified_gmt":"2025-10-01T12:12:20","slug":"union-europeenne-la-commission-veut-augmenter-les-droits-de-douane-sur-lacier-01-10-2025-a-1302","status":"publish","type":"post","link":"https:\/\/www.europesays.com\/fr\/431076\/","title":{"rendered":"Union Europ\u00e9enne: La Commission veut augmenter les droits de douane sur l&rsquo;acier &#8211; 01\/10\/2025 \u00e0 13:02"},"content":{"rendered":"<p>        <img fetchpriority=\"high\" decoding=\"async\" src=\"https:\/\/www.europesays.com\/fr\/wp-content\/uploads\/2025\/10\/aacfc90cb8ef887eeaf44e6516a7cd30-760x493.jpg\" alt=\"Des rouleaux d'acier en provenance de Chine apr\u00e8s leur d\u00e9chargement au port de Valparaiso, au Chili\" loading=\"eager\" width=\"760\" height=\"493\" style=\"max-width: 100%!important; height: auto;\"\/><\/p>\n<p class=\"c-image-news__legend\">Des rouleaux d&rsquo;acier en provenance de Chine apr\u00e8s leur d\u00e9chargement au port de Valparaiso, au Chili<\/p>\n<p>\n par Julia Payne\n<\/p>\n<p>\n La Commission europ\u00e9enne va proposer de r\u00e9duire de pr\u00e8s de moiti\u00e9 les quotas d&rsquo;importation d&rsquo;acier de l&rsquo;UE et d&rsquo;augmenter les droits de douane sur les volumes d\u00e9passant ces quotas pour les fixer \u00e0 un niveau de 50% identique \u00e0 ceux impos\u00e9s par les Etats-Unis et le Canada, a d\u00e9clar\u00e9 mercredi une source inform\u00e9e du projet.\n<\/p>\n<p>\n Ces mesures, qui font partie d&rsquo;un nouvel ensemble de garanties apport\u00e9e au secteur de l&rsquo;acier dont l&rsquo;annonce officielle est pr\u00e9vue le 7 octobre, ont \u00e9t\u00e9 pr\u00e9sent\u00e9es mercredi par St\u00e9phane S\u00e9journ\u00e9, vice-pr\u00e9sident ex\u00e9cutif pour la strat\u00e9gie industrielle de la Commission europ\u00e9enne, aux associations professionnelles.\n<\/p>\n<p>\n Les mesures de l&rsquo;Union europ\u00e9enne actuellement en vigueur expireront le 30 juin 2026. L&rsquo;UE et ses alli\u00e9s occidentaux tentent de limiter les surcapacit\u00e9s cr\u00e9\u00e9es par les usines chinoises dans le secteur de l&rsquo;acier, parmi d&rsquo;autres.\n<\/p>\n<p>\n L&rsquo;UE a d\u00e9j\u00e0 durci ses quotas d&rsquo;importation d&rsquo;acier de 15% \u00e0 compter du 1er avril et la Commission \u00e9tudie les tendances du march\u00e9 en vue d&rsquo;\u00e9ventuelles mesures de sauvegarde pour l&rsquo;aluminium, ainsi que de possibles droits \u00e0 l&rsquo;exportation sur la ferraille.\n<\/p>\n<p>\n Le pr\u00e9sident am\u00e9ricain Donald Trump a port\u00e9 en d\u00e9but d&rsquo;ann\u00e9e \u00e0 50% les droits de douane appliqu\u00e9s par les Etats-Unis sur les importations d&rsquo;acier et d&rsquo;aluminium \u00e9trangers.\n<\/p>\n<p>\n Apr\u00e8s un accord commercial global conclu avec les Etats-Unis fin juillet, l&rsquo;UE a indiqu\u00e9 qu&rsquo;elle travaillerait \u00e9troitement avec Washington dans le cadre d&rsquo;une \u00ab\u00a0alliance sur les m\u00e9taux\u00a0\u00bb afin de prot\u00e9ger leurs productions respectives de la concurrence chinoise. Les sid\u00e9rurgistes europ\u00e9ens sont \u00e0 ce stade toujours soumis \u00e0 des droits de douane de 50% sur leurs exportations vers les \u00c9tats-Unis.\n<\/p>\n<p>\n Le commissaire europ\u00e9en au Commerce Maros Sefcovic a rencontr\u00e9 le repr\u00e9sentant am\u00e9ricain au commerce Jamieson Greer en Asie au d\u00e9but du mois afin de relancer les discussions. Des sources europ\u00e9ennes ont pr\u00e9c\u00e9demment d\u00e9clar\u00e9 \u00e0 Reuters que les nouvelles mesures de sauvegarde serviraient de point de d\u00e9part \u00e0 des n\u00e9gociations d\u00e9taill\u00e9es avec Washington.\n<\/p>\n<p>\n (Reportage Julia Payne, r\u00e9dig\u00e9 par Inti Landauro, version fran\u00e7aise Benjamin Mallet ; \u00e9dit\u00e9 par Jean-St\u00e9phane Brosse et Augustin Turpin)<\/p>\n","protected":false},"excerpt":{"rendered":"Des rouleaux d&rsquo;acier en provenance de Chine apr\u00e8s leur d\u00e9chargement au port de Valparaiso, au Chili par Julia&hellip;\n","protected":false},"author":2,"featured_media":431077,"comment_status":"","ping_status":"","sticky":false,"template":"","format":"standard","meta":{"footnotes":""},"categories":[1586],"tags":[400,11,398,408,405,1777,674,1779,1011,27,403,402,399,404,12,25,401,406,1778,364,407],"class_list":{"0":"post-431076","1":"post","2":"type-post","3":"status-publish","4":"format-standard","5":"has-post-thumbnail","7":"category-europe","8":"tag-action-cac-40","9":"tag-actualites","10":"tag-bourse-de-paris","11":"tag-boursorama","12":"tag-cotations","13":"tag-eu","14":"tag-europe","15":"tag-european-union","16":"tag-fr","17":"tag-france","18":"tag-indices-devises","19":"tag-investir","20":"tag-investissement","21":"tag-marche-boursier","22":"tag-news","23":"tag-republique-francaise","24":"tag-sicav","25":"tag-trackers","26":"tag-ue","27":"tag-union-europeenne","28":"tag-warrants"},"share_on_mastodon":{"url":"https:\/\/pubeurope.com\/@fr\/115298851390621872","error":""},"_links":{"self":[{"href":"https:\/\/www.europesays.com\/fr\/wp-json\/wp\/v2\/posts\/431076","targetHints":{"allow":["GET"]}}],"collection":[{"href":"https:\/\/www.europesays.com\/fr\/wp-json\/wp\/v2\/posts"}],"about":[{"href":"https:\/\/www.europesays.com\/fr\/wp-json\/wp\/v2\/types\/post"}],"author":[{"embeddable":true,"href":"https:\/\/www.europesays.com\/fr\/wp-json\/wp\/v2\/users\/2"}],"replies":[{"embeddable":true,"href":"https:\/\/www.europesays.com\/fr\/wp-json\/wp\/v2\/comments?post=431076"}],"version-history":[{"count":0,"href":"https:\/\/www.europesays.com\/fr\/wp-json\/wp\/v2\/posts\/431076\/revisions"}],"wp:featuredmedia":[{"embeddable":true,"href":"https:\/\/www.europesays.com\/fr\/wp-json\/wp\/v2\/media\/431077"}],"wp:attachment":[{"href":"https:\/\/www.europesays.com\/fr\/wp-json\/wp\/v2\/media?parent=431076"}],"wp:term":[{"taxonomy":"category","embeddable":true,"href":"https:\/\/www.europesays.com\/fr\/wp-json\/wp\/v2\/categories?post=431076"},{"taxonomy":"post_tag","embeddable":true,"href":"https:\/\/www.europesays.com\/fr\/wp-json\/wp\/v2\/tags?post=431076"}],"curies":[{"name":"wp","href":"https:\/\/api.w.org\/{rel}","templated":true}]}}