{"id":431086,"date":"2025-10-01T12:19:10","date_gmt":"2025-10-01T12:19:10","guid":{"rendered":"https:\/\/www.europesays.com\/fr\/431086\/"},"modified":"2025-10-01T12:19:10","modified_gmt":"2025-10-01T12:19:10","slug":"jo-wilfried-tsonga-richard-gasquet-et-gilles-simon-prets-a-suivre-la-derniere-annee-de-gael-monfils-on-va-avoir-du-temps-a-passer-ensemble-lequipe","status":"publish","type":"post","link":"https:\/\/www.europesays.com\/fr\/431086\/","title":{"rendered":"Jo-Wilfried Tsonga, Richard Gasquet et Gilles Simon pr\u00eats \u00e0 suivre la derni\u00e8re ann\u00e9e de Ga\u00ebl Monfils : \u00abOn va avoir du temps \u00e0 passer ensemble\u00bb &#8211; L&#039;\u00c9quipe"},"content":{"rendered":"<ol>\n<li><a href=\"https:\/\/news.google.com\/rss\/articles\/CBMilgJBVV95cUxQUldETVRHYjJvSHdUU0tHY3ljSnI0VDg1QVg1VzdZU3E2UUhsV1RKdEV6V21naldiem4zTnV0dV9TN0dMeE5CbmNOcjVORk1JRGtGbkZ4Y1hHdXpmUHEwR19ENFpkaExEeUZyRU5KcDRhY3YwbzQySDcyMVpkd0IwZzVrdnpfT29ZcFB2eFdTbHpFVjRfUWwyNm1iZVA4VEI4UDNrb0VnVmdzUkdXYVEta21jZDJCN2R2NzJmdFZwMGZqM0tBVk9nUURuT2FZTUF3QTFvamJnV1BNQ2FtVnBnTnhLYlFERW0xM1ZzQmhMVm9hSE12eGxwaWFGRWxhczJ2c0doWW1rVVhoSXA3Y01kRk4zWUlNUQ?oc=5\" target=\"_blank\" rel=\"nofollow noopener\">Jo-Wilfried Tsonga, Richard Gasquet et Gilles Simon pr\u00eats \u00e0 suivre la derni\u00e8re ann\u00e9e de Ga\u00ebl Monfils : \u00abOn va avoir du temps \u00e0 passer ensemble\u00bb<\/a>&nbsp;&nbsp;L&rsquo;\u00c9quipe<\/li>\n<li><a href=\"https:\/\/news.google.com\/rss\/articles\/CBMi7AFBVV95cUxQTmRpMEx1UW1VVlcxaFU0R3BJWUV0T3lzX2JPZ0I0aEdUckxYZC1Ob21fUnVJcVB3bFJ1R0Z1c3JOYm1DdmdXdGRCMHRUbkpfOVBwanE1djBjejU4b19VbTdiR2RXWFNQZ1UzdEtNN19oSlI0TkJmeDc5dUs2QzZvMGZhbndnM3lpRktlMklaX0FFdEhxSTRSYTNXUnRFUUtUeXA2SHlLYTJHUC1qRnNOeVhILTRxaVZTMW9LbTF1eUQtZDJGa3l0anJTSHBMN2pzcVdLOWhiSnNYOFk1MDE0a2xoNS1zNTN4SkJLQQ?oc=5\" target=\"_blank\" rel=\"nofollow noopener\">Ga\u00ebl Monfils prendra sa retraite en 2026 : Peut-\u00eatre pas un immense champion, mais une authentique star<\/a>&nbsp;&nbsp;Eurosport<\/li>\n<li><a href=\"https:\/\/news.google.com\/rss\/articles\/CBMi-gFBVV95cUxQc3VkY0tjYUVmR2l3ekhOSXJUV09qRWt3ZDV2UGx5STRhZVpkYnVGUk9yWXRJbnNaanA4YklTN2wtOGV5WGhoM1Btb1ZQRU9nSTRqNk1fR19rNjhoLTh3dFNpLVVhdTRJNUlucW5hTGJwSWxpU0JycFlpLTl5Mm9Vb0NwS01lRzRZVGtqNEdTSVJ6bTJLeWF2X0J1MVgwdVh4a0YxYWg3T3NadW5tam43bUU3SE5FVnl5Q1FNbjY4LXcwM2tGVDZ4QjlkNWhmX0pWcFZ6cE53LTVZZ25lb1N3azE3bkdWMG13ZW1ZLW16RGZTcFdKMmRlM2VB?oc=5\" target=\"_blank\" rel=\"nofollow noopener\">Tennis : \u00ab On va avoir du temps \u00e0 passer ensemble \u00bb, quand les Mousquetaires partagent leur \u00e9motion apr\u00e8s l\u2019annonce de Monfils<\/a>&nbsp;&nbsp;Le Figaro<\/li>\n<li><a href=\"https:\/\/news.google.com\/rss\/articles\/CBMixwFBVV95cUxPSDRTZXJtNy1ENzFEbllYTkRGZDQ2MU9DZjE1ZGFYbS1rZ1FqNnRwV1RWLTgzTVp6UUh1RFRxbTZqeDJPeUs4dTN5VFQ5eEJRX2pFWE9tRDVqTllSQkhaNE94ZUFESEw1R3JlYzNvU1kzTzNCaGpiZXdDVHFCVGtkb2ZWZ0I1RzlFaFhtWlJrbnE3QzlHSEYtNVF5MUJLZzJUUHlhZmJrNHVfSUpwcENrZVVSNWt4Y3VRazJrdWZ6LXEwRjAyQVpR?oc=5\" target=\"_blank\" rel=\"nofollow noopener\">Monfils publie un clip humoristique pour annoncer sa tourn\u00e9e d\u2019adieu en 2026<\/a>&nbsp;&nbsp;20 Minutes<\/li>\n<li><a href=\"https:\/\/news.google.com\/rss\/articles\/CBMitwFBVV95cUxORHdvcHdERXl5N1p4cXY4VFpvY19hQ3RUc0luVU9HTXNqLXJZaEZiQkMtOGdQcFVndFVUTVI1cW1XRHJtaTQxWHJQT3YyaVR5bS1EcFpRbFM0WG5Nak9SQ2hsNHEwaVpCWHNwMEszVlpJT1V4anFSTUlkODA2RFZHMTdURm5UWDBacWlCUFNRSGhuMDQ4b3BQTnJlX0Y2ZFZaUXNseHBlMDYxb0NtT0tvQVhsNTZ1ZVHSAbwBQVVfeXFMUFNCaHktN0tDTl81M2plZnNyYnpSZFlkd2hONkNzM0xDanJjU0ItNHc3N0hjWnpSbDBrUF9LMG96N2s2X0hXUDUtRXJMQ19yVFd3MjRzaEZBY1RjQkhHbXhOSmd4UWdqX1lDZTBrWndadGExRFZKOV9KVDRaUXd2VlpmM3pOS0RjVGNmZi1WOGJkaGtEQWcwZHBzZHQ4bWFlOVN4Z3Q0RU9YZ3o1RnREMzdLTjhseEhxSHZOLXY?oc=5\" target=\"_blank\" rel=\"nofollow noopener\">Tennis : combien Ga\u00ebl Monfils a-t-il touch\u00e9 depuis le d\u00e9but de sa carri\u00e8re ?<\/a>&nbsp;&nbsp;CNews<\/li>\n<\/ol>\n","protected":false},"excerpt":{"rendered":"Jo-Wilfried Tsonga, Richard Gasquet et Gilles Simon pr\u00eats \u00e0 suivre la derni\u00e8re ann\u00e9e de Ga\u00ebl Monfils : \u00abOn&hellip;\n","protected":false},"author":2,"featured_media":431087,"comment_status":"","ping_status":"","sticky":false,"template":"","format":"standard","meta":{"footnotes":""},"categories":[1415],"tags":[1011,27,60,1467],"class_list":{"0":"post-431086","1":"post","2":"type-post","3":"status-publish","4":"format-standard","5":"has-post-thumbnail","7":"category-tennis","8":"tag-fr","9":"tag-france","10":"tag-sports","11":"tag-tennis"},"share_on_mastodon":{"url":"https:\/\/pubeurope.com\/@fr\/115298878322057283","error":""},"_links":{"self":[{"href":"https:\/\/www.europesays.com\/fr\/wp-json\/wp\/v2\/posts\/431086","targetHints":{"allow":["GET"]}}],"collection":[{"href":"https:\/\/www.europesays.com\/fr\/wp-json\/wp\/v2\/posts"}],"about":[{"href":"https:\/\/www.europesays.com\/fr\/wp-json\/wp\/v2\/types\/post"}],"author":[{"embeddable":true,"href":"https:\/\/www.europesays.com\/fr\/wp-json\/wp\/v2\/users\/2"}],"replies":[{"embeddable":true,"href":"https:\/\/www.europesays.com\/fr\/wp-json\/wp\/v2\/comments?post=431086"}],"version-history":[{"count":0,"href":"https:\/\/www.europesays.com\/fr\/wp-json\/wp\/v2\/posts\/431086\/revisions"}],"wp:featuredmedia":[{"embeddable":true,"href":"https:\/\/www.europesays.com\/fr\/wp-json\/wp\/v2\/media\/431087"}],"wp:attachment":[{"href":"https:\/\/www.europesays.com\/fr\/wp-json\/wp\/v2\/media?parent=431086"}],"wp:term":[{"taxonomy":"category","embeddable":true,"href":"https:\/\/www.europesays.com\/fr\/wp-json\/wp\/v2\/categories?post=431086"},{"taxonomy":"post_tag","embeddable":true,"href":"https:\/\/www.europesays.com\/fr\/wp-json\/wp\/v2\/tags?post=431086"}],"curies":[{"name":"wp","href":"https:\/\/api.w.org\/{rel}","templated":true}]}}