{"id":43109,"date":"2025-04-22T04:38:36","date_gmt":"2025-04-22T04:38:36","guid":{"rendered":"https:\/\/www.europesays.com\/fr\/43109\/"},"modified":"2025-04-22T04:38:36","modified_gmt":"2025-04-22T04:38:36","slug":"recrudescence-de-home-jackings-a-nantes-des-conducteurs-de-vehicules-voles-interpelles","status":"publish","type":"post","link":"https:\/\/www.europesays.com\/fr\/43109\/","title":{"rendered":"Recrudescence de home-jackings \u00e0 Nantes\u00a0: des conducteurs de v\u00e9hicules vol\u00e9s interpell\u00e9s"},"content":{"rendered":"<p>Le ph\u00e9nom\u00e8ne avait conduit la direction interd\u00e9partementale de la police \u00e0 alerter la population le 15\u00a0avril. Le nombre de cambriolages de domicile en pr\u00e9sence des victimes, avec vols de v\u00e9hicules, est en augmentation dans certains secteurs de la m\u00e9tropole nantaise. Notamment dans le quartier du Breil o\u00f9 cinq voitures ont \u00e9t\u00e9 d\u00e9rob\u00e9es de cette fa\u00e7on \u00e0 partir du 9\u00a0avril. \u00a0Les auteurs p\u00e9n\u00e8trent dans les habitations et ciblent les cl\u00e9s de v\u00e9hicules qu\u2019ils utilisent pour repartir avec.\u00a0<\/p>\n<p>Un ado de 16\u00a0ans au volant<\/p>\n<p><a href=\"https:\/\/nantes.maville.com\/actu\/actudet_-home-jacking-a-nantes-un-adolescent-interpelle-au-volant-d-une-voiture-volee-_52716-6766657_actu.Htm\" target=\"_self\" rel=\"noopener\">Deux mineurs ont d\u00e9j\u00e0 \u00e9t\u00e9 interpell\u00e9s le week-end du 12\u00a0mars, au volant de voitures vol\u00e9es lors de home-jackings.<\/a> La brigade anticriminalit\u00e9, qui continue \u00e0 veiller au grain, a arr\u00eat\u00e9 un autre adolescent vendredi 18\u00a0avril dans la soir\u00e9e. Il n\u2019a que 16\u00a0ans. Vers 21\u00a0h, les policiers en civil ont d\u00e9cid\u00e9 de suivre du regard un Renault Talisman qui leur semblait suspect. Le gar\u00e7on au volant a tent\u00e9 de faire le plein de carburant. Cette voiture avait \u00e9t\u00e9 vol\u00e9e quelques heures plus t\u00f4t \u00e0 Vertou, au sud de Nantes. Le mineur a \u00e9t\u00e9 interpell\u00e9 rue de l\u2019\u00c9quateur, au nord de la ville. Il avait aussi en sa possession un couteau et une bombe lacrymog\u00e8ne.<\/p>\n<p>En garde \u00e0 vue pour recel de vol<\/p>\n<p>Un peu plus t\u00f4t dans l\u2019apr\u00e8s-midi de vendredi, c\u2019est un homme de 38\u00a0ans qui a \u00e9t\u00e9 interpell\u00e9 \u00e0 Nantes au volant d\u2019un Renault Master, dont l\u2019immatriculation ressortait dans le fichier des v\u00e9hicules vol\u00e9s. Dans les deux cas, la police ne peut leur reprocher le vol en tant que tel, mais un recel, c\u2019est-\u00e0-dire le fait d\u2019\u00eatre en possession de l\u2019objet du vol au moment de leur interpellation. Le recel est puni par la loi de la m\u00eame fa\u00e7on que le vol.<\/p>\n<p>Quelques pr\u00e9cautions \u00e0 prendre<\/p>\n<p>Pour se pr\u00e9munir des home-jackings, la police invite les Nantais, principalement ceux qui vivent en maison individuelle, \u00e0 fermer la porte \u00e0 double tour et garder les fen\u00eatres ferm\u00e9es m\u00eame lorsque les habitants sont \u00e0 l\u2019int\u00e9rieur. Et ne pas laisser la cl\u00e9 de voiture pr\u00e8s de l\u2019entr\u00e9e de la maison.<\/p>\n<p>\u00a0<\/p>\n","protected":false},"excerpt":{"rendered":"Le ph\u00e9nom\u00e8ne avait conduit la direction interd\u00e9partementale de la police \u00e0 alerter la population le 15\u00a0avril. Le nombre&hellip;\n","protected":false},"author":2,"featured_media":43110,"comment_status":"","ping_status":"","sticky":false,"template":"","format":"standard","meta":{"footnotes":""},"categories":[2818],"tags":[1111,11,8225,1777,674,1011,27,13014,9690,766,12,2636,13013,25,7727,10765],"class_list":{"0":"post-43109","1":"post","2":"type-post","3":"status-publish","4":"format-standard","5":"has-post-thumbnail","7":"category-nantes","8":"tag-actu","9":"tag-actualites","10":"tag-conducteurs","11":"tag-eu","12":"tag-europe","13":"tag-fr","14":"tag-france","15":"tag-home-jackings","16":"tag-interpelles","17":"tag-nantes","18":"tag-news","19":"tag-pays-de-la-loire","20":"tag-recrudescence","21":"tag-republique-francaise","22":"tag-vehicules","23":"tag-voles"},"share_on_mastodon":{"url":"https:\/\/pubeurope.com\/@fr\/114379771489374321","error":""},"_links":{"self":[{"href":"https:\/\/www.europesays.com\/fr\/wp-json\/wp\/v2\/posts\/43109","targetHints":{"allow":["GET"]}}],"collection":[{"href":"https:\/\/www.europesays.com\/fr\/wp-json\/wp\/v2\/posts"}],"about":[{"href":"https:\/\/www.europesays.com\/fr\/wp-json\/wp\/v2\/types\/post"}],"author":[{"embeddable":true,"href":"https:\/\/www.europesays.com\/fr\/wp-json\/wp\/v2\/users\/2"}],"replies":[{"embeddable":true,"href":"https:\/\/www.europesays.com\/fr\/wp-json\/wp\/v2\/comments?post=43109"}],"version-history":[{"count":0,"href":"https:\/\/www.europesays.com\/fr\/wp-json\/wp\/v2\/posts\/43109\/revisions"}],"wp:featuredmedia":[{"embeddable":true,"href":"https:\/\/www.europesays.com\/fr\/wp-json\/wp\/v2\/media\/43110"}],"wp:attachment":[{"href":"https:\/\/www.europesays.com\/fr\/wp-json\/wp\/v2\/media?parent=43109"}],"wp:term":[{"taxonomy":"category","embeddable":true,"href":"https:\/\/www.europesays.com\/fr\/wp-json\/wp\/v2\/categories?post=43109"},{"taxonomy":"post_tag","embeddable":true,"href":"https:\/\/www.europesays.com\/fr\/wp-json\/wp\/v2\/tags?post=43109"}],"curies":[{"name":"wp","href":"https:\/\/api.w.org\/{rel}","templated":true}]}}