{"id":431102,"date":"2025-10-01T12:28:18","date_gmt":"2025-10-01T12:28:18","guid":{"rendered":"https:\/\/www.europesays.com\/fr\/431102\/"},"modified":"2025-10-01T12:28:18","modified_gmt":"2025-10-01T12:28:18","slug":"cest-vendu-apres-avoir-tout-plaque-pour-suivre-son-compagnon-au-maroc-coralie-maries-au-premier-regard-se-separe-de-sa-maison-du-var","status":"publish","type":"post","link":"https:\/\/www.europesays.com\/fr\/431102\/","title":{"rendered":"\u00ab\u00a0C&rsquo;est vendu !\u00a0\u00bb : Apr\u00e8s avoir tout plaqu\u00e9 pour suivre son compagnon au Maroc, Coralie (Mari\u00e9s au premier regard) se s\u00e9pare de sa maison du Var"},"content":{"rendered":"<p>            <img loading=\"lazy\" decoding=\"async\" src=\"https:\/\/www.europesays.com\/fr\/wp-content\/uploads\/2025\/04\/67-60dc2d2db82b7-35x35-1.jpg\" class=\"author-article-picture\" width=\"35\" height=\"35\"\/><\/p>\n<p>                Par<br \/>\n                                    <a class=\"author-article-bio-link\" href=\"https:\/\/www.purepeople.com\/auteur\/hiba-semali_a67\" rel=\"nofollow noopener\" target=\"_blank\">Hiba Semali<\/a><br \/>\n                                                    | R\u00e9dactrice<\/p>\n<p>\n                Rattach\u00e9e \u00e0 la rubrique t\u00e9l\u00e9, Hiba Semali se consacre au petit \u00e9cran. The Voice, Koh-Lanta, Top Chef, Secret Story, Star Academy ou encore Les Marseillais n&rsquo;ont aucun secret pour elle.\n            <\/p>\n<p>\n    Une nouvelle \u00e9tape de pass\u00e9e pour Coralie, ex-participante \u00e0 \u00ab\u00a0Mari\u00e9s au premier regard\u00a0\u00bb sur la sixi\u00e8me cha\u00eene. La jeune femme, qui avait quitt\u00e9 la France pour suivre son amoureux Micka\u00ebl install\u00e9 au Maroc, annonce avoir faire un nouveau pas vers sa nouvelle vie.\n<\/p>\n<p>                            <img loading=\"lazy\" decoding=\"async\" class=\"player-thumbnail\" src=\"https:\/\/www.europesays.com\/fr\/wp-content\/uploads\/2025\/10\/375e297c027be297-580x326-1.jpg\" width=\"580\" height=\"326\"\/><\/p>\n<p>                    \u00ab\u00a0C&rsquo;est vendu !\u00a0\u00bb : Apr\u00e8s avoir tout plaqu\u00e9 pour suivre son compagnon au Maroc, Coralie (Mari\u00e9s au premier regard) se s\u00e9pare de sa maison du Var<\/p>\n<p>La suite apr\u00e8s la publicit\u00e9<\/p>\n<p>La vie de <strong>Coralie <\/strong>a compl\u00e8tement chang\u00e9 apr\u00e8s sa participation \u00e0 la derni\u00e8re saison de Mari\u00e9s au premier regard, en 2025. <a href=\"https:\/\/www.purepeople.com\/article\/coralie-maries-au-premier-regard-2025-prise-au-depourvu-apres-son-union-avec-bruno-le-mariage-ne-peut-pas-etre-legal-spoiler_a535590\/1\" rel=\"nofollow noopener\" target=\"_blank\">La jeune femme a \u00e9pous\u00e9 Bruno<\/a>, avec qui les experts l&rsquo;avaient estim\u00e9e compatible \u00e0 78%, devant les cam\u00e9ras de M6. Mais finalement, <a href=\"https:\/\/www.purepeople.com\/article\/coralie-et-bruno-maries-au-premier-regard-toujours-maries-depuis-la-fin-du-tournage-on-connait-leur-vrai-bilan_a539428\/1\" rel=\"nofollow noopener\" target=\"_blank\">ils ont divorc\u00e9<\/a>. Et apr\u00e8s l&rsquo;\u00e9mission, <a href=\"https:\/\/www.purepeople.com\/article\/je-lai-retrouve-grace-a-lemission-coralie-maries-au-premier-regard-2025-est-de-nouveau-en-couple-bruno-donne-son-avis-sur-son-compagnon_a539528\/1\" rel=\"nofollow noopener\" target=\"_blank\">Coralie a retrouv\u00e9 un homme de son pass\u00e9<\/a>. L&rsquo;heureux \u00e9lu de son c\u0153ur s&rsquo;appelle Micka\u00ebl. Et \u00e0 l&rsquo;\u00e9poque de leur rencontre, <a href=\"https:\/\/www.purepeople.com\/article\/javais-une-famille-des-enfants-le-nouveau-compagnon-de-coralie-maries-au-premier-regard-deja-engage-lors-de-leur-rencontre_a540470\/1\" rel=\"nofollow noopener\" target=\"_blank\">il \u00e9tait mari\u00e9 et p\u00e8re de famille<\/a>. D\u00e9sormais, c&rsquo;est dans les bras l&rsquo;un de l&rsquo;autre qu&rsquo;ils filent le parfait amour. Et le quotidien de Coralie en est boulevers\u00e9 : <a href=\"https:\/\/www.purepeople.com\/article\/deux-semaines-apres-son-arrivee-coralie-maries-au-premier-regard-a-quitte-le-maroc-avec-son-compagnon-pour-une-ile-francaise-joyau-de-la-mediterranee_a541903\/1\" rel=\"nofollow noopener\" target=\"_blank\">elle a quitt\u00e9 le Var pour s&rsquo;installer au Maroc<\/a>, o\u00f9 son cher et tendre vit.\u00a0<\/p>\n<p>C&rsquo;est une nouvelle vie qui s&rsquo;offre \u00e0 Coralie. Elle a tout plaqu\u00e9 en France pour vivre pleinement son bonheur en couple de l&rsquo;autre c\u00f4t\u00e9 de la M\u00e9diterran\u00e9e. Mardi 30 septembre 2025, elle se saisit de son compte Instagram afin d&rsquo;annoncer une nouvelle \u00e9tape de pass\u00e9e dans cette transition. \u00ab\u00a0Coco contente, <strong>la maison est vendue<\/strong>\u00ab\u00a0, annonce-t-elle. C&rsquo;est ainsi que l&rsquo;on apprend que sa demeure du Sud de la France va \u00eatre officiellement c\u00e9d\u00e9e ! Mais tout n&rsquo;est pas encore r\u00e9gl\u00e9. \u00ab\u00a0Dans 11 jours, verdict ! Offre accept\u00e9e, reste les 11 jours de r\u00e9tractation. Place \u00e0 ma nouvelle vie. Croisez les doigts !\u00a0\u00bb, pr\u00e9cise-t-elle. Rappelons que <a href=\"https:\/\/www.purepeople.com\/article\/coralie-maries-au-premier-regard-a-tout-plaque-pour-son-nouveau-compagnon-partie-au-maroc-va-t-elle-continuer-dexercer-son-metier_a541518\/1\" rel=\"nofollow noopener\" target=\"_blank\">Coralie avait d\u00e9j\u00e0 cess\u00e9 son activit\u00e9 d&rsquo;infirmi\u00e8re dans le Var<\/a>. Et voil\u00e0 qu&rsquo;elle r\u00e8gle un autre d\u00e9tail de taille en vendant sa maison.<\/p>\n<p>Coralie (Mari\u00e9s au premier regard) : Avec son compagnon Micka\u00ebl, elle vit dans un riad de 1500m\u00b2 au Maroc<\/p>\n<p>Plus de maison dans le Sud de la France mais un toit hors norme au Maroc. C&rsquo;est pr\u00e8s de la ville touristique que Marrakech que le couple est install\u00e9. Et le moins que l&rsquo;on puisse dire, c&rsquo;est que leur int\u00e9rieur est immense ! \u00ab\u00a0<a href=\"https:\/\/www.purepeople.com\/article\/avec-son-compagnon-mickael-coralie-maries-au-premier-regard-installee-dans-un-riad-de-1500m-au-maroc-quelle-partage-avec-un-autre-couple_a542284\/1\" rel=\"nofollow noopener\" target=\"_blank\">Cette maison est un riad et a \u00e9t\u00e9 con\u00e7ue pour \u00eatre un h\u00f4tel. Il fait 1500 m\u00b2<\/a>, alors autant vous dire que l&rsquo;on ne se marche pas dessus\u00a0\u00bb, avait pr\u00e9cis\u00e9 la jeune femme sur Instagram d\u00e9but septembre. Et sur place, Coralie et Micka\u00ebl ne sont pas seuls. En effet, les parents de ce dernier vivent \u00e9galement dans ce riad. \u00ab\u00a0Ils sont adorables. Ils font tout pour que je me sente chez moi et que l&rsquo;on soit bien, avait ajout\u00e9 la principale int\u00e9ress\u00e9e \u00e0 propos de cette cohabitation. C&rsquo;est une p\u00e9riode de transition pour mettre en place notre projet. Car nous avons un tr\u00e8s beau projet qu&rsquo;il nous tient \u00e0 c\u0153ur de r\u00e9aliser pour notre chez nous.\u00a0\u00bb Autre projet important : Coralie avait \u00e9voqu\u00e9 son envie de devenir maman prochainement. Affaire \u00e0 suivre&#8230;<\/p>\n","protected":false},"excerpt":{"rendered":"Par Hiba Semali | R\u00e9dactrice Rattach\u00e9e \u00e0 la rubrique t\u00e9l\u00e9, Hiba Semali se consacre au petit \u00e9cran. The&hellip;\n","protected":false},"author":2,"featured_media":431103,"comment_status":"","ping_status":"","sticky":false,"template":"","format":"standard","meta":{"footnotes":""},"categories":[1356],"tags":[58,59,1011,27,252,1364],"class_list":{"0":"post-431102","1":"post","2":"type-post","3":"status-publish","4":"format-standard","5":"has-post-thumbnail","7":"category-television","8":"tag-divertissement","9":"tag-entertainment","10":"tag-fr","11":"tag-france","12":"tag-television","13":"tag-tv"},"share_on_mastodon":{"url":"https:\/\/pubeurope.com\/@fr\/115298914975935526","error":""},"_links":{"self":[{"href":"https:\/\/www.europesays.com\/fr\/wp-json\/wp\/v2\/posts\/431102","targetHints":{"allow":["GET"]}}],"collection":[{"href":"https:\/\/www.europesays.com\/fr\/wp-json\/wp\/v2\/posts"}],"about":[{"href":"https:\/\/www.europesays.com\/fr\/wp-json\/wp\/v2\/types\/post"}],"author":[{"embeddable":true,"href":"https:\/\/www.europesays.com\/fr\/wp-json\/wp\/v2\/users\/2"}],"replies":[{"embeddable":true,"href":"https:\/\/www.europesays.com\/fr\/wp-json\/wp\/v2\/comments?post=431102"}],"version-history":[{"count":0,"href":"https:\/\/www.europesays.com\/fr\/wp-json\/wp\/v2\/posts\/431102\/revisions"}],"wp:featuredmedia":[{"embeddable":true,"href":"https:\/\/www.europesays.com\/fr\/wp-json\/wp\/v2\/media\/431103"}],"wp:attachment":[{"href":"https:\/\/www.europesays.com\/fr\/wp-json\/wp\/v2\/media?parent=431102"}],"wp:term":[{"taxonomy":"category","embeddable":true,"href":"https:\/\/www.europesays.com\/fr\/wp-json\/wp\/v2\/categories?post=431102"},{"taxonomy":"post_tag","embeddable":true,"href":"https:\/\/www.europesays.com\/fr\/wp-json\/wp\/v2\/tags?post=431102"}],"curies":[{"name":"wp","href":"https:\/\/api.w.org\/{rel}","templated":true}]}}