{"id":431115,"date":"2025-10-01T12:35:14","date_gmt":"2025-10-01T12:35:14","guid":{"rendered":"https:\/\/www.europesays.com\/fr\/431115\/"},"modified":"2025-10-01T12:35:14","modified_gmt":"2025-10-01T12:35:14","slug":"la-commission-europeenne-veut-taxer-significativement-lacier-etranger","status":"publish","type":"post","link":"https:\/\/www.europesays.com\/fr\/431115\/","title":{"rendered":"La Commission europ\u00e9enne veut taxer \u00absignificativement\u00bb l&rsquo;acier \u00e9tranger"},"content":{"rendered":"<p>Bruxelles doit d\u00e9voiler mardi prochain une nouvelle mesure pour prot\u00e9ger le secteur de l\u2019acier, afin de remplacer une \u00abclause de sauvegarde\u00bb qui expire l\u2019an prochain.<\/p>\n<p class=\"fig-paragraph\">La\u00a0<a href=\"http:\/\/www.lefigaro.fr\/conjoncture\/economiser-plus-efficacement-la-commission-europeenne-veut-ameliorer-la-culture-financiere-des-europeens-20251001\" data-fig-type=\"NewsFlash\" data-gtm-custom-categorie=\"navigation\" data-gtm-custom-action=\"crossclick\" data-gtm-custom-label=\"Contextuel\" data-gtm-event=\"customEventSPE\" data-fig-domain=\"LEFIGARO\" target=\"_blank\" rel=\"noopener\">Commission europ\u00e9enne<\/a>, qui doit d\u00e9voiler mardi prochain une nouvelle mesure de sauvegarde pour prot\u00e9ger la production d\u2019acier europ\u00e9enne, en grande difficult\u00e9, va proposer d\u2019\u00e9largir et augmenter fortement les droits de douane appliqu\u00e9s aux importations. Le vice-pr\u00e9sident de l\u2019ex\u00e9cutif europ\u00e9en, St\u00e9phane S\u00e9journ\u00e9, a dress\u00e9 les grandes lignes de ce nouveau dispositif devant des repr\u00e9sentants de la fili\u00e8re, r\u00e9unis mercredi \u00e0 Bruxelles par des organisations du secteur, selon des participants \u00e0 la rencontre.<\/p>\n<p class=\"fig-paragraph\">La nouvelle \u00abclause de sauvegarde\u00bb pr\u00e9par\u00e9e par Bruxelles inclura la r\u00e9duction de \u00abpr\u00e8s de moiti\u00e9\u00bb des quotas d\u2019acier \u00e9tranger qui peuvent \u00eatre import\u00e9s dans l\u2019UE sans surtaxe, ont rapport\u00e9 ces participants. En outre, les droits de douane sur l\u2019acier, actuellement fix\u00e9s \u00e0 25%, seront augment\u00e9s \u00absignificativement\u00bb, dans des proportions similaires \u00e0 ce qu\u2019on fait les \u00c9tats-Unis ou le Canada. Enfin, la mesure ne sera pas temporaire, contrairement au dispositif de protection actuel.<\/p>\n<p>                                    <a class=\"fig-a11y-skip a11y-hidden\" href=\"#fig-a11y-skip-main-inarticle\"><br \/>\n        Passer la publicit\u00e9<br \/>\n    <\/a><\/p>\n<p>Surcapacit\u00e9s chinoises<\/p>\n<p class=\"fig-paragraph\">Il s\u2019agira ainsi de la clause \u00abla plus robuste jamais pr\u00e9sent\u00e9e\u00bb, a assur\u00e9 M. S\u00e9journ\u00e9 aux repr\u00e9sentants du secteur europ\u00e9en de l\u2019acier. Le temps presse car l\u2019acier, \u00e0 l\u2019instar d\u2019autres fili\u00e8res industrielles comme l\u2019automobile, traverse une tr\u00e8s mauvaise passe. Les fabricants europ\u00e9ens ont vu leurs marges s\u2019effondrer, face \u00e0 l\u2019afflux en Europe d\u2019importantes quantit\u00e9s d\u2019acier venues de Chine. C\u2019est la cons\u00e9quence d\u2019une forte surcapacit\u00e9 des usines de ce pays, un ph\u00e9nom\u00e8ne qui tire les prix vers le bas sur le march\u00e9 mondial.<\/p>\n<p class=\"fig-paragraph\">L\u2019an dernier, la Chine a produit \u00e0 elle seule plus de 1.000 millions de tonnes d\u2019acier, soit plus de la moiti\u00e9 de la production mondiale. Les pays europ\u00e9ens arrivent loin derri\u00e8re\u00a0: l\u2019Allemagne en a produit 37 millions, l\u2019Espagne 12 et la France moins de 11, selon les statistiques de l\u2019organisation professionnelle World Steel. Parall\u00e8lement, les co\u00fbts des sid\u00e9rurgistes europ\u00e9ens ont grimp\u00e9 en raison de la flamb\u00e9e des prix de l\u2019\u00e9nergie.<\/p>\n<p class=\"fig-paragraph\">Une conjonction de facteurs redoutable pour ArcelorMittal, ThyssenKrupp et consorts, alors qu\u2019ils doivent investir pour r\u00e9duire les \u00e9missions de gaz \u00e0 effet de serre de leurs usines. ArcelorMittal, deuxi\u00e8me producteur mondial d\u2019acier, a ainsi suspendu ses projets d\u2019investissement de d\u00e9carbonation du plus grand haut-fourneau europ\u00e9en \u00e0 Dunkerque (pour 1,8 milliard d\u2019euros) dans l\u2019attente de mesures d\u2019aides. Il a aussi annonc\u00e9 la suppression de quelque 600 postes dans sept sites du nord de la France.<\/p>\n<p class=\"fig-paragraph\">L\u2019UE avait d\u00e9j\u00e0 mis en place en 2019 un dispositif appel\u00e9 clause de sauvegarde pour prot\u00e9ger la production d\u2019acier europ\u00e9enne. Mais ce dispositif, prolong\u00e9 en 2024, expire mi-2026 et est jug\u00e9 insuffisant par les industriels qui sonnent l\u2019alarme depuis plusieurs mois. Comme les sid\u00e9rurgistes n\u2019h\u00e9sitent pas \u00e0 le rappeler, ce dossier est hautement symbolique pour l\u2019avenir industriel de l\u2019Europe. La construction europ\u00e9enne a d\u00e9marr\u00e9, dans les ann\u00e9es 1950, avec la mise en commun du charbon et de l\u2019acier, les deux fili\u00e8res qui furent le moteur de la reconstruction apr\u00e8s-guerre.<\/p>\n","protected":false},"excerpt":{"rendered":"Bruxelles doit d\u00e9voiler mardi prochain une nouvelle mesure pour prot\u00e9ger le secteur de l\u2019acier, afin de remplacer une&hellip;\n","protected":false},"author":2,"featured_media":431116,"comment_status":"","ping_status":"","sticky":false,"template":"","format":"standard","meta":{"footnotes":""},"categories":[6],"tags":[7662,35,2196,33,34,1011,27,2549],"class_list":{"0":"post-431115","1":"post","2":"type-post","3":"status-publish","4":"format-standard","5":"has-post-thumbnail","7":"category-economie","8":"tag-acier","9":"tag-business","10":"tag-commission-europeenne","11":"tag-economie","12":"tag-economy","13":"tag-fr","14":"tag-france","15":"tag-taxe"},"share_on_mastodon":{"url":"https:\/\/pubeurope.com\/@fr\/115298941343149067","error":""},"_links":{"self":[{"href":"https:\/\/www.europesays.com\/fr\/wp-json\/wp\/v2\/posts\/431115","targetHints":{"allow":["GET"]}}],"collection":[{"href":"https:\/\/www.europesays.com\/fr\/wp-json\/wp\/v2\/posts"}],"about":[{"href":"https:\/\/www.europesays.com\/fr\/wp-json\/wp\/v2\/types\/post"}],"author":[{"embeddable":true,"href":"https:\/\/www.europesays.com\/fr\/wp-json\/wp\/v2\/users\/2"}],"replies":[{"embeddable":true,"href":"https:\/\/www.europesays.com\/fr\/wp-json\/wp\/v2\/comments?post=431115"}],"version-history":[{"count":0,"href":"https:\/\/www.europesays.com\/fr\/wp-json\/wp\/v2\/posts\/431115\/revisions"}],"wp:featuredmedia":[{"embeddable":true,"href":"https:\/\/www.europesays.com\/fr\/wp-json\/wp\/v2\/media\/431116"}],"wp:attachment":[{"href":"https:\/\/www.europesays.com\/fr\/wp-json\/wp\/v2\/media?parent=431115"}],"wp:term":[{"taxonomy":"category","embeddable":true,"href":"https:\/\/www.europesays.com\/fr\/wp-json\/wp\/v2\/categories?post=431115"},{"taxonomy":"post_tag","embeddable":true,"href":"https:\/\/www.europesays.com\/fr\/wp-json\/wp\/v2\/tags?post=431115"}],"curies":[{"name":"wp","href":"https:\/\/api.w.org\/{rel}","templated":true}]}}