{"id":431125,"date":"2025-10-01T12:40:13","date_gmt":"2025-10-01T12:40:13","guid":{"rendered":"https:\/\/www.europesays.com\/fr\/431125\/"},"modified":"2025-10-01T12:40:13","modified_gmt":"2025-10-01T12:40:13","slug":"chantage-a-la-mairie-de-saint-etienne-gael-perdriau-prend-la-parole-apres-le-proces","status":"publish","type":"post","link":"https:\/\/www.europesays.com\/fr\/431125\/","title":{"rendered":"Chantage \u00e0 la mairie de Saint-\u00c9tienne : Ga\u00ebl Perdriau prend la parole apr\u00e8s le proc\u00e8s"},"content":{"rendered":"<p>Au lendemain de la mise en d\u00e9lib\u00e9r\u00e9 de son jugement, le maire de Saint-\u00c9tienne Ga\u00ebl Perdriau prend la parole. Pour rappel, trois ans de prison ferme ont \u00e9t\u00e9 requis contre l&rsquo;\u00e9lu dans l&rsquo;affaire du chantage contre Gilles Artigues.<\/p>\n<p>On ne l&rsquo;avait pas entendu depuis le d\u00e9but du proc\u00e8s. <b>Ga\u00ebl Perdriau<\/b> s&rsquo;est exprim\u00e9, ce mercredi 1er octobre, sur ses r\u00e9seaux sociaux au lendemain de <a class=\"url\" href=\"https:\/\/www.radioscoop.com\/infos\/proces-du-maire-de-saint-etienne-on-connait-la-date-du-jugement-pour-gael-perdriau_338685\" target=\"_blank\" rel=\"nofollow noopener\">la mise en d\u00e9lib\u00e9r\u00e9 de son jugement<\/a> par le tribunal de Lyon.<\/p>\n<p>Le maire de Saint-\u00c9tienne, jug\u00e9 pour \u00ab\u00a0chantage\u00a0\u00bb, \u00ab\u00a0association de malfaiteurs\u00a0\u00bb et \u00ab\u00a0d\u00e9tournement de fonds publics\u00a0\u00bb, avait d\u00e9clar\u00e9 mardi, devant la pr\u00e9sidente du tribunal : \u00ab\u00a0Je vous confie ma parole, ma dignit\u00e9 et mon avenir\u00a0\u00bb.<\/p>\n<p><a class=\"url\" href=\"https:\/\/www.radioscoop.com\/infos\/chantage-a-la-mairie-de-saint-etienne-5-ans-de-prison-requis-contre-gael-perdriau_338614\" target=\"_blank\" rel=\"nofollow noopener\">Cinq ans de prison<\/a>, dont trois ans ferme, ont \u00e9t\u00e9 requis contre ce dernier par la procureure de la R\u00e9publique.<\/p>\n<p>\u00ab\u00a0Une \u00e9preuve humaine et politique\u00a0\u00bb pour Ga\u00ebl Perdriau<\/p>\n<p>Ce mercredi, l&rsquo;\u00e9lu st\u00e9phanois r\u00e9agit au sept jours de proc\u00e8s. Il parle d&rsquo;une \u00ab\u00a0\u00e9preuve humaine et politique\u00a0\u00bb et affirme avoir r\u00e9pondu \u00e0 la justice \u00ab\u00a0avec franchise\u00a0\u00bb tout en rappelle ce qui l&rsquo;anime \u00ab\u00a0depuis le premier jour\u00a0\u00bb.<\/p>\n<p>Celui qui est toujours de maire de Saint-\u00c9tienne a conclu son message par cette phrase : \u00ab\u00a0D&rsquo;ici l\u00e0, je continue le travail avec mon \u00e9quipe, au service de la ville et de ses habitants.\u00a0\u00bb<\/p>\n<p>Ga\u00ebl Perdriau sera fix\u00e9 sur son sort <b>le 1er d\u00e9cembre 2025<\/b>, date \u00e0 laquelle a \u00e9t\u00e9 fix\u00e9 l\u00e9 d\u00e9lib\u00e9r\u00e9 dans le cadre de l&rsquo;affaire du chantage \u00e0 la maire de Saint-\u00c9tienne.<\/p>\n<p><img loading=\"lazy\" decoding=\"async\" src=\"https:\/\/www.europesays.com\/fr\/wp-content\/uploads\/2025\/10\/img\" width=\"350\" height=\"200\" border=\"0\" title=\"Emmanuel Macron est attendu au Sommet de l'\u00c3\u00a9levage \u00c3\u00a0 Cournon-d'Auvergne\"\/><\/p>\n<p>\u25baPolitique<\/p>\n<p style=\"font-size: 22px;\"><b>Pourquoi Emmanuel Macron devrait-il bient\u00f4t se rendre en Auvergne-Rh\u00f4ne-Alpes ?<\/b><\/p>\n<p>Le pr\u00e9sident de la R\u00e9publique Emmanuel Macron&#8230;<\/p>\n<p><\/p>\n","protected":false},"excerpt":{"rendered":"Au lendemain de la mise en d\u00e9lib\u00e9r\u00e9 de son jugement, le maire de Saint-\u00c9tienne Ga\u00ebl Perdriau prend la&hellip;\n","protected":false},"author":2,"featured_media":431126,"comment_status":"","ping_status":"","sticky":false,"template":"","format":"standard","meta":{"footnotes":""},"categories":[9653],"tags":[1111,11,55932,2430,8841,1777,674,1011,27,55931,5415,12,4780,25,9920,4001],"class_list":{"0":"post-431125","1":"post","2":"type-post","3":"status-publish","4":"format-standard","5":"has-post-thumbnail","7":"category-saint-etienne","8":"tag-actu","9":"tag-actualites","10":"tag-artigues","11":"tag-auvergne-rhone-alpes","12":"tag-chantage","13":"tag-eu","14":"tag-europe","15":"tag-fr","16":"tag-france","17":"tag-gal-pedriau","18":"tag-mairie","19":"tag-news","20":"tag-procs","21":"tag-republique-francaise","22":"tag-saint-tienne","23":"tag-saint-etienne"},"share_on_mastodon":{"url":"https:\/\/pubeurope.com\/@fr\/115298961732058848","error":""},"_links":{"self":[{"href":"https:\/\/www.europesays.com\/fr\/wp-json\/wp\/v2\/posts\/431125","targetHints":{"allow":["GET"]}}],"collection":[{"href":"https:\/\/www.europesays.com\/fr\/wp-json\/wp\/v2\/posts"}],"about":[{"href":"https:\/\/www.europesays.com\/fr\/wp-json\/wp\/v2\/types\/post"}],"author":[{"embeddable":true,"href":"https:\/\/www.europesays.com\/fr\/wp-json\/wp\/v2\/users\/2"}],"replies":[{"embeddable":true,"href":"https:\/\/www.europesays.com\/fr\/wp-json\/wp\/v2\/comments?post=431125"}],"version-history":[{"count":0,"href":"https:\/\/www.europesays.com\/fr\/wp-json\/wp\/v2\/posts\/431125\/revisions"}],"wp:featuredmedia":[{"embeddable":true,"href":"https:\/\/www.europesays.com\/fr\/wp-json\/wp\/v2\/media\/431126"}],"wp:attachment":[{"href":"https:\/\/www.europesays.com\/fr\/wp-json\/wp\/v2\/media?parent=431125"}],"wp:term":[{"taxonomy":"category","embeddable":true,"href":"https:\/\/www.europesays.com\/fr\/wp-json\/wp\/v2\/categories?post=431125"},{"taxonomy":"post_tag","embeddable":true,"href":"https:\/\/www.europesays.com\/fr\/wp-json\/wp\/v2\/tags?post=431125"}],"curies":[{"name":"wp","href":"https:\/\/api.w.org\/{rel}","templated":true}]}}