{"id":431131,"date":"2025-10-01T12:43:15","date_gmt":"2025-10-01T12:43:15","guid":{"rendered":"https:\/\/www.europesays.com\/fr\/431131\/"},"modified":"2025-10-01T12:43:15","modified_gmt":"2025-10-01T12:43:15","slug":"a-la-valette-du-var-leducation-pilier-de-la-societe","status":"publish","type":"post","link":"https:\/\/www.europesays.com\/fr\/431131\/","title":{"rendered":"\u00c0 La Valette-du-Var, l\u2019\u00e9ducation, pilier de la soci\u00e9t\u00e9"},"content":{"rendered":"<p>                    <img loading=\"lazy\" decoding=\"async\" src=\"https:\/\/www.europesays.com\/fr\/wp-content\/uploads\/2025\/10\/72939e49329839e5b000a326d370d6.jpg\" class=\"img-responsive post-image\" width=\"680\" height=\"510\" alt=\"\u00c0 La Valette-du-Var, (\u2026)\" title=\"\u00c0 La Valette-du-Var, l'\u00e9ducation, pilier de la soci\u00e9t\u00e9\"\/><\/p>\n<p class=\"chapo\">Pour Thierry Albertini, maire de La Valette-du-Var, elle forge les adultes de demain, transmet les savoirs essentiels, favorise l\u2019inclusion et valorise chaque singularit\u00e9.<\/p>\n<p>Les communes, en premi\u00e8re ligne, portent une responsabilit\u00e9 majeure\u00a0: entretenir les locaux, accompagner les \u00e9quipes p\u00e9dagogiques et les familles, imaginer des temps p\u00e9riscolaires adapt\u00e9s et ouvrir des espaces d\u2019accueil aux parents.<\/p>\n<p>\u00ab\u00a0Ces missions, pens\u00e9es en coh\u00e9rence et en dialogue, d\u00e9passent le seul cadre scolaire. Elles sont le reflet d\u2019une v\u00e9ritable politique publique qui engage l\u2019avenir. Car investir dans l\u2019\u00e9cole, ce n\u2019est pas seulement construire ou r\u00e9habiliter des b\u00e2timents\u00a0: c\u2019est repenser la ville, l\u2019adapter aux d\u00e9s climatiques, am\u00e9liorer le quotidien et pr\u00e9parer l\u2019avenir des g\u00e9n\u00e9rations futures\u00a0\u00bb, insiste Thierry Albertini.<\/p>\n<p>\u00ab\u00a0\u00c0 La Valette-du-Var, nous avons fait ce choix. Depuis 2020, six \u00e9coles sur onze ont \u00e9t\u00e9 r\u00e9habilit\u00e9es ou reconstruites, les cours se v\u00e9g\u00e9talisent et se d\u00e9simperm\u00e9abilisent pour lutter contre les \u00eelots de chaleur, la r\u00e9cup\u00e9ration des eaux pluviales et la biodiversit\u00e9 trouvent leur place jusque dans les espaces de jeux. Ces chantiers structurants accompagnent une politique \u00e9ducative ambitieuse, avec des projets de sensibilisation aux enjeux climatiques, la Journ\u00e9e de l\u2019inclusion, ou encore la mise en place du R\u00e9seau parentalit\u00e9 dont La Valette est ville-pilote\u00a0\u00bb.<\/p>\n<p>D\u00c9MARCHE GLOBALE<\/p>\n<p>Concr\u00e8tement, cette dynamique se poursuit avec de nouveaux projets\u00a0: d\u00e9simperm\u00e9abilisation des cours Jean-Giono et Thyde-Monnier, reconstruction des \u00e9coles Paul-Ar\u00e8ne et Pierre-de-Ronsard et bient\u00f4t l\u2019ouverture d\u2019une Maison des familles.<br class=\"autobr\"\/><br \/>\nPour la Municipalit\u00e9, l\u2019\u00e9ducation de qualit\u00e9, inscrite au 4\u00e8me rang des Objectifs de D\u00e9veloppement Durable de l\u2019ONU, n\u2019est pas un slogan mais un engagement politique que nous assumons depuis pr\u00e8s de six ans.<\/p>\n<p>Le premier magistrat ajoute\u00a0: \u00ab\u00a0 \u00c0 La Valette-du-Var, elle r\u00e9sonne chaque jour dans nos \u00e9coles, nos quartiers et nos familles, et continuera de le faire durablement. La cour de l\u2019\u00e9cole C\u00e9lestin-Freinet, situ\u00e9e dans le quartier de La Coupiane \u00e9tait largement imperm\u00e9abilis\u00e9e et commen\u00e7ait de dater. Ces surfaces, us\u00e9es &#8211; chaleur d\u00e9favorables au confort thermique des enfants. Le projet de r\u00e9habilitation a vis\u00e9 \u00e0 r\u00e9inventer ces espaces, dans une d\u00e9marche globale de d\u00e9simperm\u00e9abilisation et d\u2019am\u00e9lioration des conditions de vie et de jeu pour les \u00e9l\u00e8ves\u00a0\u00bb.<\/p>\n<p>Le projet vise \u00e0 un cadre de vie apais\u00e9, v\u00e9g\u00e9talis\u00e9, propice au bien-\u00eatre et \u00e0 la biodiversit\u00e9. Il s\u2019agit donc de r\u00e9duire les \u00eelots de chaleur, valoriser la gestion durable des eaux pluviales, d\u00e9velopper une aire de jeux attractive, respectueuse des normes de s\u00e9curit\u00e9 et maintenir et am\u00e9liorer la fonctionnalit\u00e9 des cheminements, en garantissant notamment l\u2019accessibilit\u00e9 des services de secours.<\/p>\n<p>Photo de Une\u00a0: \u00a9Philippe OLIVIER<\/p>\n","protected":false},"excerpt":{"rendered":"Pour Thierry Albertini, maire de La Valette-du-Var, elle forge les adultes de demain, transmet les savoirs essentiels, favorise&hellip;\n","protected":false},"author":2,"featured_media":431132,"comment_status":"","ping_status":"","sticky":false,"template":"","format":"standard","meta":{"footnotes":""},"categories":[9619],"tags":[1111,11,2408,1777,674,1011,27,12,882,25,2310],"class_list":{"0":"post-431131","1":"post","2":"type-post","3":"status-publish","4":"format-standard","5":"has-post-thumbnail","7":"category-toulon","8":"tag-actu","9":"tag-actualites","10":"tag-appels-d","11":"tag-eu","12":"tag-europe","13":"tag-fr","14":"tag-france","15":"tag-news","16":"tag-provence-alpes-cote-dazur","17":"tag-republique-francaise","18":"tag-toulon"},"share_on_mastodon":{"url":"https:\/\/pubeurope.com\/@fr\/115298973399294307","error":""},"_links":{"self":[{"href":"https:\/\/www.europesays.com\/fr\/wp-json\/wp\/v2\/posts\/431131","targetHints":{"allow":["GET"]}}],"collection":[{"href":"https:\/\/www.europesays.com\/fr\/wp-json\/wp\/v2\/posts"}],"about":[{"href":"https:\/\/www.europesays.com\/fr\/wp-json\/wp\/v2\/types\/post"}],"author":[{"embeddable":true,"href":"https:\/\/www.europesays.com\/fr\/wp-json\/wp\/v2\/users\/2"}],"replies":[{"embeddable":true,"href":"https:\/\/www.europesays.com\/fr\/wp-json\/wp\/v2\/comments?post=431131"}],"version-history":[{"count":0,"href":"https:\/\/www.europesays.com\/fr\/wp-json\/wp\/v2\/posts\/431131\/revisions"}],"wp:featuredmedia":[{"embeddable":true,"href":"https:\/\/www.europesays.com\/fr\/wp-json\/wp\/v2\/media\/431132"}],"wp:attachment":[{"href":"https:\/\/www.europesays.com\/fr\/wp-json\/wp\/v2\/media?parent=431131"}],"wp:term":[{"taxonomy":"category","embeddable":true,"href":"https:\/\/www.europesays.com\/fr\/wp-json\/wp\/v2\/categories?post=431131"},{"taxonomy":"post_tag","embeddable":true,"href":"https:\/\/www.europesays.com\/fr\/wp-json\/wp\/v2\/tags?post=431131"}],"curies":[{"name":"wp","href":"https:\/\/api.w.org\/{rel}","templated":true}]}}