{"id":431138,"date":"2025-10-01T12:47:11","date_gmt":"2025-10-01T12:47:11","guid":{"rendered":"https:\/\/www.europesays.com\/fr\/431138\/"},"modified":"2025-10-01T12:47:11","modified_gmt":"2025-10-01T12:47:11","slug":"rouen-avec-louverture-de-la-librairie-jeunesse-pagaille-les-plus-petits-sont-inities-a-la-lecture","status":"publish","type":"post","link":"https:\/\/www.europesays.com\/fr\/431138\/","title":{"rendered":"Rouen. Avec\u00a0l&rsquo;ouverture de la librairie jeunesse Pagaille, les plus petits sont initi\u00e9s \u00e0 la lecture"},"content":{"rendered":"<p melodystyle=\"texte\">C&rsquo;est une bonne nouvelle pour les parents du quartier du Jardin des plantes de Rouen. <a href=\"https:\/\/linktr.ee\/pagaille.rouen?utm_source=linktree_profile_share&amp;ltsid=3968abbe-9de8-4434-9c52-1114bc01dfb8\" target=\"_blank\" rel=\"nofollow noopener\">Pagaille<\/a>, une librairie d\u00e9di\u00e9e \u00e0 la litt\u00e9rature jeunesse, a ouvert ses portes le 22\u00a0ao\u00fbt dernier. Elle se situe au\u00a0128 bis avenue des Martyrs de la R\u00e9sistance. Sur place, les clients peuvent acheter des livres et le mercredi, les enfants peuvent participer \u00e0 des ateliers cr\u00e9atifs. Un lieu id\u00e9al pour leur donner go\u00fbt \u00e0 la lecture d\u00e8s leur plus jeune \u00e2ge.<\/p>\n<p melodystyle=\"texte\"><b>\u2022 A lire aussi.<\/b>\u00a0<a href=\"https:\/\/www.tendanceouest.com\/actualite-427659-rouen-petit-a-petit-10-ans-de-succes-avec-la-docu-bd\" target=\"_blank\" rel=\"nofollow noopener\">Rouen. Petit \u00e0 Petit\u00a0: 10 ans de succ\u00e8s avec la Docu-BD<\/a><\/p>\n<p>\u00ab\u00a0\u00c7a d\u00e9veloppe leur imagination et leur cr\u00e9ativit\u00e9\u00a0\u00bb<\/p>\n<p melodystyle=\"texte\">\u00ab\u00a0Depuis que mes filles sont b\u00e9b\u00e9s je leur lis des livres\u00a0\u00bb, confie Claire Pesqueux, m\u00e8re de famille venue \u00e0 la librairie Pagaille pour un atelier ce mercredi 1er\u00a0octobre. Selon elle, la lecture\u00a0\u00ab\u00a0c&rsquo;est important, \u00e7a d\u00e9veloppe leur imagination et leur cr\u00e9ativit\u00e9\u00a0\u00bb. Elle est aussi \u00ab\u00a0un vecteur d&rsquo;information et d&rsquo;ouverture d&rsquo;esprit. Les couleurs et l&rsquo;apprentissage des mots jouent \u00e0 plein de niveaux\u00a0\u00bb. Elle n&rsquo;est pas la seule \u00e0 sensibiliser ses enfants \u00e0 la litt\u00e9rature.\u00a0\u00ab\u00a0Tr\u00e8s t\u00f4t aussi, mon fils a eu beaucoup d&rsquo;int\u00e9r\u00eat pour les livres\u00a0\u00bb, ajoute\u00a0Akissie Viandier, habitante du quartier et m\u00e8re de famille.\u00a0\u00ab\u00a0On est tr\u00e8s content de l&rsquo;ouverture de cette librairie jeunesse, \u00e7a permet \u00e0 mon enfant de feuilleter r\u00e9guli\u00e8rement de nouveaux ouvrages.\u00a0\u00bb\u00a0Une bonne mani\u00e8re aussi d&rsquo;\u00e9loigner les enfants des \u00e9crans qui \u00ab\u00a0pointent tr\u00e8s vite le bout de leur nez donc les initier d\u00e8s le plus jeune \u00e2ge \u00e0 la lecture \u00e9tait important pour moi\u00a0\u00bb.<\/p>\n<p>Les \u00e9ditions et les auteurs normands mis en avant<\/p>\n<p melodystyle=\"texte\">\u00ab\u00a0L&rsquo;id\u00e9e c&rsquo;\u00e9tait de couvrir ce besoin de librairie jeunesse \u00e0 Rouen car il n&rsquo;y en avait pas avant\u00a0\u00bb, assure\u00a0Agathe Leballeur, fondatrice de la librairie Pagaille. Elle souhaitait \u00e9galement\u00a0\u00ab\u00a0r\u00e9pondre \u00e0 un besoin de proximit\u00e9. C&rsquo;est pour \u00e7a qu&rsquo;il y a aussi un rayon adulte\u00a0\u00bb. Le leitmotiv de la professionnelle, c&rsquo;est la librairie ind\u00e9pendante. Elle s\u00e9lectionne avec soins ses ouvrages et n&rsquo;h\u00e9site pas \u00e0 mettre en avant sur ses \u00e9tag\u00e8res les \u00e9ditions normandes comme \u00ab\u00a0l&rsquo;Etag\u00e8re du bas, qui est une maison d&rsquo;\u00e9dition rouennaise et Motus, une autre maison d&rsquo;\u00e9dition de Caen\u00a0\u00bb. On retrouve aussi des livres d&rsquo;auteurs et illustrateurs normands comme ceux d&rsquo;Arnaud Nebbache. Avec Pagaille, Agathe Leballeur souhaite construire une relation avec sa communaut\u00e9 de jeunes lecteurs\u00a0pour les accompagner et les conseiller au fur et \u00e0 mesure qu&rsquo;ils grandissent.<\/p>\n<p style=\"font-weight:bold;color:#000;\">Pratique. 128 bis avenue des Martyrs de la R\u00e9sistance, Rouen. Ouvert du mercredi au samedi de 10h \u00e0 12h30 et de 13h30 \u00e0 19h.\u00a0<\/p>\n","protected":false},"excerpt":{"rendered":"C&rsquo;est une bonne nouvelle pour les parents du quartier du Jardin des plantes de Rouen. Pagaille, une librairie&hellip;\n","protected":false},"author":2,"featured_media":431139,"comment_status":"","ping_status":"","sticky":false,"template":"","format":"standard","meta":{"footnotes":""},"categories":[9587],"tags":[1111,11,1777,674,1011,27,12,5161,25,9590],"class_list":{"0":"post-431138","1":"post","2":"type-post","3":"status-publish","4":"format-standard","5":"has-post-thumbnail","7":"category-rouen","8":"tag-actu","9":"tag-actualites","10":"tag-eu","11":"tag-europe","12":"tag-fr","13":"tag-france","14":"tag-news","15":"tag-normandie","16":"tag-republique-francaise","17":"tag-rouen"},"share_on_mastodon":{"url":"https:\/\/pubeurope.com\/@fr\/115298988477845765","error":""},"_links":{"self":[{"href":"https:\/\/www.europesays.com\/fr\/wp-json\/wp\/v2\/posts\/431138","targetHints":{"allow":["GET"]}}],"collection":[{"href":"https:\/\/www.europesays.com\/fr\/wp-json\/wp\/v2\/posts"}],"about":[{"href":"https:\/\/www.europesays.com\/fr\/wp-json\/wp\/v2\/types\/post"}],"author":[{"embeddable":true,"href":"https:\/\/www.europesays.com\/fr\/wp-json\/wp\/v2\/users\/2"}],"replies":[{"embeddable":true,"href":"https:\/\/www.europesays.com\/fr\/wp-json\/wp\/v2\/comments?post=431138"}],"version-history":[{"count":0,"href":"https:\/\/www.europesays.com\/fr\/wp-json\/wp\/v2\/posts\/431138\/revisions"}],"wp:featuredmedia":[{"embeddable":true,"href":"https:\/\/www.europesays.com\/fr\/wp-json\/wp\/v2\/media\/431139"}],"wp:attachment":[{"href":"https:\/\/www.europesays.com\/fr\/wp-json\/wp\/v2\/media?parent=431138"}],"wp:term":[{"taxonomy":"category","embeddable":true,"href":"https:\/\/www.europesays.com\/fr\/wp-json\/wp\/v2\/categories?post=431138"},{"taxonomy":"post_tag","embeddable":true,"href":"https:\/\/www.europesays.com\/fr\/wp-json\/wp\/v2\/tags?post=431138"}],"curies":[{"name":"wp","href":"https:\/\/api.w.org\/{rel}","templated":true}]}}