{"id":431140,"date":"2025-10-01T12:48:10","date_gmt":"2025-10-01T12:48:10","guid":{"rendered":"https:\/\/www.europesays.com\/fr\/431140\/"},"modified":"2025-10-01T12:48:10","modified_gmt":"2025-10-01T12:48:10","slug":"une-panne-delectricite-touche-le-mesnil-esnard-pres-de-rouen-une-centaine-de-foyers-concernes","status":"publish","type":"post","link":"https:\/\/www.europesays.com\/fr\/431140\/","title":{"rendered":"Une panne d&rsquo;\u00e9lectricit\u00e9 touche le Mesnil-Esnard pr\u00e8s de Rouen, une centaine de foyers concern\u00e9s"},"content":{"rendered":"<p>Une importante coupure d&rsquo;\u00e9lectricit\u00e9 est survenue ce mercredi 1\u1d49\u02b3 octobre dans la matin\u00e9e, dans la commune du Mesnil-Esnard, dans la m\u00e9tropole rouennaise. Une centaine de foyers sont concern\u00e9s, les services d&rsquo;Enedis sont sur place. <\/p>\n<p>Une importante coupure d&rsquo;\u00e9lectricit\u00e9 est survenue ce mercredi 1er octobre dans la matin\u00e9e, dans la commune du Mesnil-Esnard, dans la m\u00e9tropole rouennaise, indique la mairie sur sa page Facebook. Une centaine de foyers sont concern\u00e9s, les services d&rsquo;Enedis sont sur place. Le courant pourrait \u00eatre r\u00e9tabli \u00e0 la fin de la journ\u00e9e.<\/p>\n<p>Il s&rsquo;agit, selon Enedis, d&rsquo;un incident\u00a0\u00ab\u00a0sur le r\u00e9seau basse tension souterrain de la rue de Paris\u00a0\u00bb. 109 clients sont concern\u00e9s.\u00a0\u00ab\u00a0Les \u00e9quipes techniques sont sur place, mais n&rsquo;ont pas encore trouv\u00e9 la raison de la panne\u00a0\u00bb, informe Enedis. Un retour \u00e0 la normale est pr\u00e9vu \u00ab\u00a0dans la journ\u00e9e, plut\u00f4t fin d&rsquo;apr\u00e8s-midi\u00a0\u00bb.<\/p>\n<p> (function(w, d) {     if (w.FB &#038;&#038; w.FB.XFBML &#038;&#038; w.FB.XFBML.parse) {         if (&lsquo;undefined&rsquo; == typeof w.__fbTimeout) {             w.__fbTimeout = setTimeout(function() {                 w.FB.XFBML.parse();                 w.__fbTimeout = undefined;             }, 1000);         }     } else if (&lsquo;undefined&rsquo; == typeof w.__fbTimeout) {         if (d.querySelectorAll(&lsquo;#fb-root&rsquo;).length === 0) {             var fbRoot = d.createElement(&lsquo;div&rsquo;);             fbRoot.id = &lsquo;fb-root&rsquo;;             d.querySelector(&lsquo;body&rsquo;).append(fbRoot);         }         if (d.querySelectorAll(&lsquo;#facebook-jssdk&rsquo;).length === 0) {             var fbScript = d.createElement(&lsquo;script&rsquo;);             fbScript.id = &lsquo;facebook-jssdk&rsquo;;             fbScript.src=\u00a0\u00bb\/\/connect.facebook.net\/fr_FR\/sdk.js#xfbml=1&#038;version=v2.8&#038;appId=593991304071705&Prime;;             fbScript.async = 1;             d.querySelector(&lsquo;head&rsquo;).append(fbScript);         }     } })(window, window.document); \\u003C\/script>\\\u00a0\u00bb,\\\u00a0\u00bbprovider\\\u00a0\u00bb:\\\u00a0\u00bbfacebook\\\u00a0\u00bb,\\\u00a0\u00bbdidomiPurposes\\\u00a0\u00bb:\\\u00a0\u00bbPour afficher ce contenu Facebook, vous devez accepter les cookies \\u003Cb>R\u00e9seaux Sociaux\\u003C\/b>.\\u003Cbr>\\u003Cbr>Ces cookies permettent de partager ou r\u00e9agir directement sur les r\u00e9seaux sociaux auxquels vous \u00eates connect\u00e9s ou d&rsquo;int\u00e9grer du contenu initialement post\u00e9 sur ces r\u00e9seaux sociaux. Ils permettent aussi aux r\u00e9seaux sociaux d&rsquo;utiliser vos visites sur nos sites et applications \u00e0 des fins de personnalisation et de ciblage publicitaire.\\\u00a0\u00bb,\\\u00a0\u00bbdidomiVendorId\\\u00a0\u00bb:\\\u00a0\u00bbc:facebookc-rgacRMQm\\\u00a0\u00bb}},{\\\u00a0\u00bbtype\\\u00a0\u00bb:\\\u00a0\u00bbtext\\\u00a0\u00bb,\\\u00a0\u00bbchildren\\\u00a0\u00bb:[{\\\u00a0\u00bbtype\\\u00a0\u00bb:\\\u00a0\u00bbtext\\\u00a0\u00bb,\\\u00a0\u00bbvalue\\\u00a0\u00bb:\\\u00a0\u00bbIl s&rsquo;agit, selon Enedis, d&rsquo;un incident\u00a0\\u003Cem>\\\\\\\u00a0\u00bbsur le r\u00e9seau basse tension souterrain de la rue de Paris\\\\\\\u00a0\u00bb\\u003C\/em>. 109 clients sont concern\u00e9s.\u00a0\\u003Cem>\\\\\\\u00a0\u00bbLes \u00e9quipes techniques sont sur place, mais n&rsquo;ont pas encore trouv\u00e9 la raison de la panne\\\\\\\u00a0\u00bb\\u003C\/em>, informe Enedis. Un retour \u00e0 la normale est pr\u00e9vu \\u003Cem>\\\\\\\u00a0\u00bbdans la journ\u00e9e, plut\u00f4t fin d&rsquo;apr\u00e8s-midi\\\\\\\u00a0\u00bb.\\u003C\/em>\\\u00a0\u00bb}]}]}},\\\u00a0\u00bbdisplay\\\u00a0\u00bb:{\\\u00a0\u00bbnewsFlash\\\u00a0\u00bb:[],\\\u00a0\u00bbhighBanner\\\u00a0\u00bb:true}}\u00a0\u00bb}<\/p>\n","protected":false},"excerpt":{"rendered":"Une importante coupure d&rsquo;\u00e9lectricit\u00e9 est survenue ce mercredi 1\u1d49\u02b3 octobre dans la matin\u00e9e, dans la commune du Mesnil-Esnard,&hellip;\n","protected":false},"author":2,"featured_media":431141,"comment_status":"","ping_status":"","sticky":false,"template":"","format":"standard","meta":{"footnotes":""},"categories":[9587],"tags":[1111,11,1777,674,1011,27,12,5161,25,9590],"class_list":{"0":"post-431140","1":"post","2":"type-post","3":"status-publish","4":"format-standard","5":"has-post-thumbnail","7":"category-rouen","8":"tag-actu","9":"tag-actualites","10":"tag-eu","11":"tag-europe","12":"tag-fr","13":"tag-france","14":"tag-news","15":"tag-normandie","16":"tag-republique-francaise","17":"tag-rouen"},"share_on_mastodon":{"url":"https:\/\/pubeurope.com\/@fr\/115298992324112736","error":""},"_links":{"self":[{"href":"https:\/\/www.europesays.com\/fr\/wp-json\/wp\/v2\/posts\/431140","targetHints":{"allow":["GET"]}}],"collection":[{"href":"https:\/\/www.europesays.com\/fr\/wp-json\/wp\/v2\/posts"}],"about":[{"href":"https:\/\/www.europesays.com\/fr\/wp-json\/wp\/v2\/types\/post"}],"author":[{"embeddable":true,"href":"https:\/\/www.europesays.com\/fr\/wp-json\/wp\/v2\/users\/2"}],"replies":[{"embeddable":true,"href":"https:\/\/www.europesays.com\/fr\/wp-json\/wp\/v2\/comments?post=431140"}],"version-history":[{"count":0,"href":"https:\/\/www.europesays.com\/fr\/wp-json\/wp\/v2\/posts\/431140\/revisions"}],"wp:featuredmedia":[{"embeddable":true,"href":"https:\/\/www.europesays.com\/fr\/wp-json\/wp\/v2\/media\/431141"}],"wp:attachment":[{"href":"https:\/\/www.europesays.com\/fr\/wp-json\/wp\/v2\/media?parent=431140"}],"wp:term":[{"taxonomy":"category","embeddable":true,"href":"https:\/\/www.europesays.com\/fr\/wp-json\/wp\/v2\/categories?post=431140"},{"taxonomy":"post_tag","embeddable":true,"href":"https:\/\/www.europesays.com\/fr\/wp-json\/wp\/v2\/tags?post=431140"}],"curies":[{"name":"wp","href":"https:\/\/api.w.org\/{rel}","templated":true}]}}