{"id":431142,"date":"2025-10-01T12:50:05","date_gmt":"2025-10-01T12:50:05","guid":{"rendered":"https:\/\/www.europesays.com\/fr\/431142\/"},"modified":"2025-10-01T12:50:05","modified_gmt":"2025-10-01T12:50:05","slug":"logistique-quelles-solutions-pour-livrer-en-ville-dans-le-dernier-kilometre-un-eternel-casse-tete","status":"publish","type":"post","link":"https:\/\/www.europesays.com\/fr\/431142\/","title":{"rendered":"Logistique. Quelles solutions pour livrer en ville dans le\u00a0\u201cdernier kilom\u00e8tre\u201d, un \u00e9ternel casse-t\u00eate ?"},"content":{"rendered":"<p>L\u2019id\u00e9e ressemblerait \u00e0 une utopie, si elle ne venait pas d\u2019un professionnel, Fr\u00e9d\u00e9ric Aziron, directeur dernier kilom\u00e8tre de <a href=\"https:\/\/www.ledauphine.com\/economie\/2025\/09\/30\/xpo-logistics-quelle-est-cette-plateforme-dediee-a-la-livraison-dans-le-dernier-kilometre\" target=\"_blank\" rel=\"noopener\">XPO Logistics France<\/a>. \u00ab\u00a0D\u2019ici 2050, une ville comme Grenoble pourrait dire aux transporteurs\u00a0: \u201cApr\u00e8s le p\u00e9age, je vous ai r\u00e9serv\u00e9 un espace unique. Vous mettez toutes vos marchandises \u00e0 livrer dans le centre et un op\u00e9rateur, choisi sur appel d\u2019offres, transporte pour tout le monde\u201d. Ce ne serait pas choquant.\u00a0\u00bb<\/p>\n<p>Une perspective partag\u00e9e par <a href=\"https:\/\/www.ledauphine.com\/economie\/2025\/03\/24\/jean-lain-mobilites-nous-avons-un-role-a-jouer-dans-la-democratisation-de-l-electrique\" target=\"_blank\" rel=\"noopener\">Jean-Michel Lain<\/a>, pr\u00e9sident de Jean Lain Mobilit\u00e9s. \u00ab\u00a0Face \u00e0 la congestion des centres-villes, un \u00e9cosyst\u00e8me se d\u00e9veloppe, avec des hubs qui vont s\u2019installer en entr\u00e9e ou en p\u00e9riph\u00e9rie des villes, pour accueillir les gros v\u00e9hicules. Avec des livreurs qui parcourront en&#8230;<\/p>\n","protected":false},"excerpt":{"rendered":"L\u2019id\u00e9e ressemblerait \u00e0 une utopie, si elle ne venait pas d\u2019un professionnel, Fr\u00e9d\u00e9ric Aziron, directeur dernier kilom\u00e8tre de&hellip;\n","protected":false},"author":2,"featured_media":431143,"comment_status":"","ping_status":"","sticky":false,"template":"","format":"standard","meta":{"footnotes":""},"categories":[9566],"tags":[1111,11,2430,9810,33,112,436,1777,674,1795,1011,27,2731,2732,108,12,25,273,2803,216],"class_list":{"0":"post-431142","1":"post","2":"type-post","3":"status-publish","4":"format-standard","5":"has-post-thumbnail","7":"category-grenoble","8":"tag-actu","9":"tag-actualites","10":"tag-auvergne-rhone-alpes","11":"tag-direct-entreprises","12":"tag-economie","13":"tag-edition-grenoble-agglomeration","14":"tag-environnement","15":"tag-eu","16":"tag-europe","17":"tag-fil-web","18":"tag-fr","19":"tag-france","20":"tag-grenoble","21":"tag-grenoble-bassin","22":"tag-isere","23":"tag-news","24":"tag-republique-francaise","25":"tag-selection-de-la-redaction","26":"tag-transport","27":"tag-vie-des-entreprises"},"share_on_mastodon":{"url":"https:\/\/pubeurope.com\/@fr\/115299000265130050","error":""},"_links":{"self":[{"href":"https:\/\/www.europesays.com\/fr\/wp-json\/wp\/v2\/posts\/431142","targetHints":{"allow":["GET"]}}],"collection":[{"href":"https:\/\/www.europesays.com\/fr\/wp-json\/wp\/v2\/posts"}],"about":[{"href":"https:\/\/www.europesays.com\/fr\/wp-json\/wp\/v2\/types\/post"}],"author":[{"embeddable":true,"href":"https:\/\/www.europesays.com\/fr\/wp-json\/wp\/v2\/users\/2"}],"replies":[{"embeddable":true,"href":"https:\/\/www.europesays.com\/fr\/wp-json\/wp\/v2\/comments?post=431142"}],"version-history":[{"count":0,"href":"https:\/\/www.europesays.com\/fr\/wp-json\/wp\/v2\/posts\/431142\/revisions"}],"wp:featuredmedia":[{"embeddable":true,"href":"https:\/\/www.europesays.com\/fr\/wp-json\/wp\/v2\/media\/431143"}],"wp:attachment":[{"href":"https:\/\/www.europesays.com\/fr\/wp-json\/wp\/v2\/media?parent=431142"}],"wp:term":[{"taxonomy":"category","embeddable":true,"href":"https:\/\/www.europesays.com\/fr\/wp-json\/wp\/v2\/categories?post=431142"},{"taxonomy":"post_tag","embeddable":true,"href":"https:\/\/www.europesays.com\/fr\/wp-json\/wp\/v2\/tags?post=431142"}],"curies":[{"name":"wp","href":"https:\/\/api.w.org\/{rel}","templated":true}]}}