{"id":431144,"date":"2025-10-01T12:51:10","date_gmt":"2025-10-01T12:51:10","guid":{"rendered":"https:\/\/www.europesays.com\/fr\/431144\/"},"modified":"2025-10-01T12:51:10","modified_gmt":"2025-10-01T12:51:10","slug":"grenoble-la-monitrice-dauto-ecole-monte-une-escroquerie-dampleur-un-faux-candidat-demasque","status":"publish","type":"post","link":"https:\/\/www.europesays.com\/fr\/431144\/","title":{"rendered":"Grenoble. La monitrice d&rsquo;auto-\u00e9cole monte une escroquerie d&rsquo;ampleur, un faux candidat d\u00e9masqu\u00e9"},"content":{"rendered":"<p>            Par<br \/>\n        <strong><br \/>\n            <a href=\"https:\/\/actu.fr\/auteur\/lisa-rodrigues\" title=\"Consulter tous les articles de Lisa Rodrigues\" target=\"_blank\" rel=\"noopener\">Lisa Rodrigues<\/a><br \/>\n        <\/strong><\/p>\n<p>        Publi\u00e9 le<\/p>\n<p>            1 oct. 2025 \u00e0 14h44        <\/p>\n<p>Passer l\u2019examen du permis de conduire peut \u00eatre stressant, mais plusieurs candidats de cette auto-\u00e9cole du Gr\u00e9sivaudan, au nord de <a href=\"https:\/\/actu.fr\/auvergne-rhone-alpes\/grenoble_38185\" target=\"_blank\" rel=\"noopener\">Grenoble<\/a>, ont trouv\u00e9 la parade. Avec le concours de la g\u00e9rante de l\u2019\u00e9tablissement, un ressortissant de nationalit\u00e9 roumaine a pass\u00e9 l\u2019\u00e9preuve pratique \u00e0 la place de personnes r\u00e9ellement inscrites.<\/p>\n<p class=\" wall-content\">La fraude a \u00e9t\u00e9 mise au jour apr\u00e8s une enqu\u00eate de la brigade financi\u00e8re de la police judiciaire de Grenoble, d\u00e9taille la DIPN dans un communiqu\u00e9.<\/p>\n<p>Il passait le permis avec de fausses cartes d\u2019identit\u00e9s<\/p>\n<p class=\" wall-content\">Une \u00ab\u00a0activit\u00e9 suspecte\u00a0\u00bb dans cette auto-\u00e9cole a d\u00e9clench\u00e9 l\u2019ouverture d\u2019une enqu\u00eate. C\u2019est lors d\u2019un contr\u00f4le de police au sein de l\u2019\u00e9tablissement en ao\u00fbt que les fonctionnaires interpelle le <strong>suspect \u00e2g\u00e9 de 23 ans<\/strong>, qui leur a pr\u00e9sent\u00e9 \u00ab\u00a0une fausse carte d\u2019identit\u00e9 roumaine\u00a0\u00bb.<\/p>\n<blockquote class=\"ac-article-quote wall-content\">\n<p>Entendu lors de sa garde \u00e0 vue, il se trouvait en possession de plusieurs cartes d&rsquo;identit\u00e9s supportant sa photo mais sous des noms diff\u00e9rents. Tout laissait \u00e0 penser qu\u2019il venait passer les \u00e9preuves \u00e0 la place des personnes inscrites.<\/p>\n<p>    <strong>Communiqu\u00e9 du DIPN<\/strong>\n            <\/p><\/blockquote>\n<p class=\" wall-content\">Ce n\u2019est qu\u2019apr\u00e8s des r\u00e9quisitions au Bureau de l\u2019\u00e9ducation routi\u00e8re, organisme public gestionnaire des \u00e9preuves du permis de conduire, que les enqu\u00eateurs se sont int\u00e9ress\u00e9s \u00e0 la g\u00e9rante de l\u2019auto-\u00e9cole. Celle-ci a rapidement \u00e9t\u00e9 identifi\u00e9e comme<strong> complice du stratag\u00e8me<\/strong>.<\/p>\n<p>Une vingtaine de cas recens\u00e9s<\/p>\n<p class=\" wall-content\">Plac\u00e9e elle aussi en garde \u00e0 vue, elle a reconnu avoir \u00ab\u00a0inscrit une vingtaine de ressortissants roumains sous un faux nom \u00e0 l\u2019\u00e9preuve pratique du permis contre des sommes d\u2019argent\u00a0\u00bb, soit <strong>plusieurs dizaines de milliers d\u2019euros<\/strong>, selon la DIPN.\u00a0<\/p>\n<p class=\" wall-content\">La g\u00e9rante et le faux candidat ont tous les deux \u00e9t\u00e9 convoqu\u00e9s en janvier 2026 devant la justice. Ils devront r\u00e9pondre d\u2019escroquerie et de fraude \u00e0 l\u2019examen pratique du permis de conduire.<\/p>\n<p class=\" wall-content\">Personnalisez votre actualit\u00e9 en ajoutant vos villes et m\u00e9dias en favori avec <a href=\"https:\/\/moncompte.actu.fr\" title=\"D\u00e9couvez Mon Actu\" rel=\"nofollow noopener\" data-trk=\"{&quot;cta&quot;:{&quot;action&quot;:&quot;https:\\\/\\\/moncompte.actu.fr&quot;,&quot;category&quot;:&quot;mon compte&quot;,&quot;from&quot;:&quot;article footer&quot;,&quot;name&quot;:&quot;Mon actu&quot;,&quot;type&quot;:&quot;cta&quot;}}\" target=\"_blank\">Mon Actu<\/a>.<\/p>\n","protected":false},"excerpt":{"rendered":"Par Lisa Rodrigues Publi\u00e9 le 1 oct. 2025 \u00e0 14h44 Passer l\u2019examen du permis de conduire peut \u00eatre&hellip;\n","protected":false},"author":2,"featured_media":431145,"comment_status":"","ping_status":"","sticky":false,"template":"","format":"standard","meta":{"footnotes":""},"categories":[9566],"tags":[1111,11,2430,1777,674,118,1011,27,1006,2731,12,5007,1072,25],"class_list":{"0":"post-431144","1":"post","2":"type-post","3":"status-publish","4":"format-standard","5":"has-post-thumbnail","7":"category-grenoble","8":"tag-actu","9":"tag-actualites","10":"tag-auvergne-rhone-alpes","11":"tag-eu","12":"tag-europe","13":"tag-faits-divers","14":"tag-fr","15":"tag-france","16":"tag-fraude","17":"tag-grenoble","18":"tag-news","19":"tag-permis-de-conduire","20":"tag-police","21":"tag-republique-francaise"},"share_on_mastodon":{"url":"https:\/\/pubeurope.com\/@fr\/115299004188183775","error":""},"_links":{"self":[{"href":"https:\/\/www.europesays.com\/fr\/wp-json\/wp\/v2\/posts\/431144","targetHints":{"allow":["GET"]}}],"collection":[{"href":"https:\/\/www.europesays.com\/fr\/wp-json\/wp\/v2\/posts"}],"about":[{"href":"https:\/\/www.europesays.com\/fr\/wp-json\/wp\/v2\/types\/post"}],"author":[{"embeddable":true,"href":"https:\/\/www.europesays.com\/fr\/wp-json\/wp\/v2\/users\/2"}],"replies":[{"embeddable":true,"href":"https:\/\/www.europesays.com\/fr\/wp-json\/wp\/v2\/comments?post=431144"}],"version-history":[{"count":0,"href":"https:\/\/www.europesays.com\/fr\/wp-json\/wp\/v2\/posts\/431144\/revisions"}],"wp:featuredmedia":[{"embeddable":true,"href":"https:\/\/www.europesays.com\/fr\/wp-json\/wp\/v2\/media\/431145"}],"wp:attachment":[{"href":"https:\/\/www.europesays.com\/fr\/wp-json\/wp\/v2\/media?parent=431144"}],"wp:term":[{"taxonomy":"category","embeddable":true,"href":"https:\/\/www.europesays.com\/fr\/wp-json\/wp\/v2\/categories?post=431144"},{"taxonomy":"post_tag","embeddable":true,"href":"https:\/\/www.europesays.com\/fr\/wp-json\/wp\/v2\/tags?post=431144"}],"curies":[{"name":"wp","href":"https:\/\/api.w.org\/{rel}","templated":true}]}}