{"id":431146,"date":"2025-10-01T12:52:15","date_gmt":"2025-10-01T12:52:15","guid":{"rendered":"https:\/\/www.europesays.com\/fr\/431146\/"},"modified":"2025-10-01T12:52:15","modified_gmt":"2025-10-01T12:52:15","slug":"ce-magazine-dextreme-droite-avait-fiche-des-avocates-rennaises-qui-defendent-les-droits-des-etrangers-pourquoi-le-dossier-na-t-il-pas-pu-etre-juge","status":"publish","type":"post","link":"https:\/\/www.europesays.com\/fr\/431146\/","title":{"rendered":"Ce magazine d\u2019extr\u00eame droite avait fich\u00e9 des avocates rennaises qui d\u00e9fendent les droits des \u00e9trangers\u00a0: pourquoi le dossier n\u2019a-t-il pas pu \u00eatre jug\u00e9\u00a0?"},"content":{"rendered":"<p>Le proc\u00e8s d\u2019Erik T\u00e9gner, directeur de la publication d\u2019extr\u00eame droite Fronti\u00e8res, n\u2019a finalement pas eu lieu. Deux avocates rennaises, soutenues par le barreau de Rennes et la conf\u00e9rence des b\u00e2tonniers de France, attaquaient le magazine en diffamation pour <a href=\"https:\/\/www.letelegramme.fr\/bretagne\/ce-magazine-dextreme-droite-avait-divulgue-une-liste-davocats-coupables-de-linvasion-migratoire-des-rennaises-les-attaquent-en-justice-6848745.php\" target=\"_blank\" rel=\"nofollow noopener\">avoir \u00e9t\u00e9 nomm\u00e9ment cit\u00e9es dans le num\u00e9ro intitul\u00e9 \u00ab Invasion migratoire, les coupables \u00bb<\/a>, publi\u00e9 en janvier 2025. Sur les r\u00e9seaux sociaux, une vague de haine et d\u2019intimidation avait imm\u00e9diatement d\u00e9ferl\u00e9 sur les professionnels sp\u00e9cialis\u00e9s dans les droits des \u00e9trangers ainsi fich\u00e9s par Fronti\u00e8res.<\/p>\n<p>Depuis, certains de ces avocats ont <a href=\"https:\/\/www.mediapart.fr\/journal\/france\/050225\/fiches-par-un-journal-d-extreme-droite-des-avocats-en-droit-des-etrangers-menaces-de-mort\" target=\"_blank\" rel=\"nofollow noopener\">d\u00e9pos\u00e9 des plaintes pour \u00ab actes d\u2019intimidations \u00bb, \u00ab risque caus\u00e9 \u00e0 autrui \u00bb<\/a> ou ont entam\u00e9 des proc\u00e9dures en diffamation. \u00ab Comme au tribunal de Bobigny, ainsi qu\u2019\u00e0 Lyon et \u00e0 Marseille, o\u00f9 un d\u00e9lib\u00e9r\u00e9 doit \u00eatre rendu cette semaine \u00bb, informe Me Antoine Hellio, conseil des deux professionnelles rennaises. \u00c0 Saint-Brieuc, o\u00f9 l\u2019affaire \u00e9tait audienc\u00e9e ce mardi 30 septembre 2025, les d\u00e9bats ont tourn\u00e9 court ; ils n\u2019ont pour ainsi dire jamais commenc\u00e9. L\u2019avocat d\u2019Erik T\u00e9gner, Me Fr\u00e9d\u00e9ric Pichon, a soulev\u00e9 deux nullit\u00e9s qui ont fait couler toute la proc\u00e9dure.<\/p>\n<p>Des propos jug\u00e9s diffamatoires\u2026 Mais pas assez pr\u00e9cis\u00e9ment vis\u00e9s<\/p>\n<p>Ces deux vices concernaient la citation \u00e0 compara\u00eetre adress\u00e9e directement au directeur de la publication de Fronti\u00e8res. Les avocats rennais n\u2019ont notamment pas \u00e9t\u00e9 assez \u00ab pr\u00e9cis \u00bb dans le listing des propos jug\u00e9s diffamatoires. \u00ab Ces incidents auraient pu \u00eatre joints au fond, ce qui aurait permis que ce d\u00e9bat tr\u00e8s important puisse se tenir \u00bb, regrettaient, \u00e0 la sortie du tribunal, les avocats qui avaient fait le d\u00e9placement pour soutenir leurs cons\u0153urs. Le conseil d\u2019Erik T\u00e9gner, lui, jubilait : \u00ab Je suis sp\u00e9cialis\u00e9 en droit de la presse depuis 27 ans, c\u2019\u00e9tait \u00e9vident que cela se terminerait comme \u00e7a. \u00bb<\/p>\n<p>Dans sa publication, Fronti\u00e8res pr\u00e9sentait ainsi les avocats sp\u00e9cialis\u00e9s en droit des \u00e9trangers comme les rouages d\u2019un pr\u00e9tendu \u00ab syst\u00e8me \u00bb qui favoriserait l\u2019immigration clandestine. \u00c9minemment politique, l\u2019examen de ce dossier devait faire valoir la parole de ces avocates qui, de leur c\u00f4t\u00e9, d\u00e9noncent des \u00ab accusations graves portant atteinte \u00e0 leur honneur \u00bb et qui peuvent s\u2019av\u00e9rer dangereuses en ce qu\u2019elles alimentent un climat politique d\u00e9j\u00e0 tendu concernant les questions migratoires. Le magazine dressait m\u00eame, dans ce num\u00e9ro, un \u00ab podium \u00bb des avocats \u00ab d\u00e9fenseurs des clandestins \u00bb.<\/p>\n<p>Le conseil des plaignantes attendait de les consulter pour \u00e9tudier la possibilit\u00e9 de faire appel de la d\u00e9cision du tribunal.<\/p>\n","protected":false},"excerpt":{"rendered":"Le proc\u00e8s d\u2019Erik T\u00e9gner, directeur de la publication d\u2019extr\u00eame droite Fronti\u00e8res, n\u2019a finalement pas eu lieu. Deux avocates&hellip;\n","protected":false},"author":2,"featured_media":431147,"comment_status":"","ping_status":"","sticky":false,"template":"","format":"standard","meta":{"footnotes":""},"categories":[2821],"tags":[1111,11,829,2171,765,1777,674,1076,1011,27,303,12,584,25,4937],"class_list":{"0":"post-431146","1":"post","2":"type-post","3":"status-publish","4":"format-standard","5":"has-post-thumbnail","7":"category-rennes","8":"tag-actu","9":"tag-actualites","10":"tag-bretagne","11":"tag-cotes-darmor","12":"tag-en-continu","13":"tag-eu","14":"tag-europe","15":"tag-extreme-droite","16":"tag-fr","17":"tag-france","18":"tag-justice","19":"tag-news","20":"tag-rennes","21":"tag-republique-francaise","22":"tag-saint-brieuc"},"share_on_mastodon":{"url":"https:\/\/pubeurope.com\/@fr\/115299008206748794","error":""},"_links":{"self":[{"href":"https:\/\/www.europesays.com\/fr\/wp-json\/wp\/v2\/posts\/431146","targetHints":{"allow":["GET"]}}],"collection":[{"href":"https:\/\/www.europesays.com\/fr\/wp-json\/wp\/v2\/posts"}],"about":[{"href":"https:\/\/www.europesays.com\/fr\/wp-json\/wp\/v2\/types\/post"}],"author":[{"embeddable":true,"href":"https:\/\/www.europesays.com\/fr\/wp-json\/wp\/v2\/users\/2"}],"replies":[{"embeddable":true,"href":"https:\/\/www.europesays.com\/fr\/wp-json\/wp\/v2\/comments?post=431146"}],"version-history":[{"count":0,"href":"https:\/\/www.europesays.com\/fr\/wp-json\/wp\/v2\/posts\/431146\/revisions"}],"wp:featuredmedia":[{"embeddable":true,"href":"https:\/\/www.europesays.com\/fr\/wp-json\/wp\/v2\/media\/431147"}],"wp:attachment":[{"href":"https:\/\/www.europesays.com\/fr\/wp-json\/wp\/v2\/media?parent=431146"}],"wp:term":[{"taxonomy":"category","embeddable":true,"href":"https:\/\/www.europesays.com\/fr\/wp-json\/wp\/v2\/categories?post=431146"},{"taxonomy":"post_tag","embeddable":true,"href":"https:\/\/www.europesays.com\/fr\/wp-json\/wp\/v2\/tags?post=431146"}],"curies":[{"name":"wp","href":"https:\/\/api.w.org\/{rel}","templated":true}]}}